[{"@context":"https:\/\/schema.org\/","@type":"Article","@id":"https:\/\/www.anena.cz\/cernou-klasikou-nikdy-nic-nezkazite\/#Article","mainEntityOfPage":"https:\/\/www.anena.cz\/cernou-klasikou-nikdy-nic-nezkazite\/","headline":"\u010cernou klasikou nikdy nic nezkaz\u00edte","name":"\u010cernou klasikou nikdy nic nezkaz\u00edte","description":"Neexistuje snad univerz\u00e1ln\u011bj\u0161\u00ed barva, ne\u017e je \u010dern\u00e1. Alespo\u0148 co se m\u00f3dy t\u00fd\u010de. A\u0165 u\u017e mluv\u00edme o ve\u010dern\u00ed r\u00f3b\u011b, lodi\u010dk\u00e1ch \u010di &hellip; <a class=\"more-link\" href=\"https:\/\/www.anena.cz\/cernou-klasikou-nikdy-nic-nezkazite\/\">More<\/a>","datePublished":"2017-10-12","dateModified":"2023-04-26","author":{"@type":"Person","@id":"https:\/\/www.anena.cz\/author\/#Person","name":"anena.cz\n","url":"https:\/\/www.anena.cz\/author\/","identifier":1,"image":{"@type":"ImageObject","@id":"https:\/\/secure.gravatar.com\/avatar\/93869824c8aa580f0d16049ad31e69846ffc925e0cbb2826cc9554f53943da69?s=96&d=mm&r=g","url":"https:\/\/secure.gravatar.com\/avatar\/93869824c8aa580f0d16049ad31e69846ffc925e0cbb2826cc9554f53943da69?s=96&d=mm&r=g","height":96,"width":96}},"publisher":{"@type":"Organization","name":"anena.cz","logo":{"@type":"ImageObject","@id":"\/logo.png","url":"\/logo.png","width":600,"height":60}},"image":{"@type":"ImageObject","@id":"https:\/\/www.anena.cz\/wp-content\/uploads\/img_a310857_w1962_t1521802589.jpg","url":"https:\/\/www.anena.cz\/wp-content\/uploads\/img_a310857_w1962_t1521802589.jpg","height":0,"width":0},"url":"https:\/\/www.anena.cz\/cernou-klasikou-nikdy-nic-nezkazite\/","about":["N\u00e1kupy"],"wordCount":369,"articleBody":"      Neexistuje snad univerz\u00e1ln\u011bj\u0161\u00ed barva, ne\u017e je \u010dern\u00e1. Alespo\u0148 co se m\u00f3dy t\u00fd\u010de. A\u0165 u\u017e mluv\u00edme o ve\u010dern\u00ed r\u00f3b\u011b, lodi\u010dk\u00e1ch \u010di pono\u017ek\u00e1ch, v ka\u017ed\u00e9m p\u0159\u00edpad\u011b zde m\u00e1 \u010dern\u00e1 barva sv\u00e9 nenahraditeln\u00e9 m\u00edsto a takto zabarven\u00fd kousek bez probl\u00e9m\u016f unos\u00edte v mnoha r\u016fzn\u00fdch kombinac\u00edch. Rozhodn\u011b se v\u00e1m tedy nikdy nestane, \u017ee byste se d\u00edky \u010dern\u00e9 barv\u011b ve sv\u00e9 \u0161atn\u00edku staly ter\u010dem kritiky \u010di posm\u011bchu. Ba naopak, jedn\u00e1 se o spolehliv\u00fd z\u00e1klad, kter\u00fd m\u016f\u017eete dob\u0159e rozv\u00edjet. \u010cern\u00e1 barva a kousky v n\u00ed vyveden\u00e9, v\u00e1m toti\u017e p\u016fjdou v\u017edy spolehliv\u011b dob\u0159e sladit snad \u00fapln\u011b s jak\u00fdmkoli jin\u00fdm kouskem od\u011bvu, a z\u00e1le\u017e\u00ed jen na v\u00e1s, zda z nich budete cht\u00edt m\u00edt nen\u00e1padn\u00fd dopln\u011bk \u010di z\u00e1klad anebo p\u016fjde  http:\/\/www.blesk.cz\/clanek\/regiony-praha-praha-zpravy\/511123\/aktiviste-je-nezastrasili-brutalistni-stavba-pujde-k-zemi-misto-transgasu-bude-stat-sedm-nizsich-domu.htmlrovnou o v\u00fdraznou dominantu. Sp\u011bch\u00e1te? Vsa\u010fte na \u010dernou A to v\u0161e plat\u00ed i o kabelk\u00e1ch vyveden\u00fdch v t\u00e9to barv\u011b. Pr\u00e1v\u011b d\u00edky tomu, \u017ee se tak dob\u0159e kombinuj\u00ed s ostatn\u00edmi kousky od\u011bvu, je najdete ve v\u00fdbav\u011b ka\u017ed\u00e9 \u017eeny. Takov\u00e1 \u010dern\u00e1 kabelka v\u00e1m toti\u017e hodn\u011b usnadn\u00ed situaci, pokud se jedn\u00e1 o hektick\u00e9 r\u00e1no \u010di jinou chvilku, kdy nem\u00e1te p\u0159\u00edli\u0161 \u010dasu nazbyt ne\u017e popadnout zavazadlo a b\u011b\u017eet. Pokud tedy s\u00e1hnete po \u010dern\u00e9 kabelce, pak v \u017e\u00e1dn\u00e9m p\u0159\u00edpad\u011b ne\u0161l\u00e1pnete vedle. Pro ka\u017edou situaci jedna Proto je v\u00fdhodn\u00e9, m\u00edt takov\u00fdch kabelek ve sv\u00e9m \u0161atn\u00edku hned n\u011bkolik. Vych\u00e1zkovou klasiku je dobr\u00e9 doplnit tak\u00e9 o slavnostn\u00ed spole\u010densk\u00e9 psan\u00ed\u010dko a o velkou ta\u0161ku vhodnou pro n\u00e1kupy ve m\u011bst\u011b, do kter\u00e9 se v\u00e1m pohodln\u011b vejde v\u0161e, co budete pot\u0159ebovat. A pr\u00e1v\u011b takov\u00fd bohat\u00fd v\u00fdb\u011br, kde naleznete p\u0159esn\u011b to, co hled\u00e1te, maj\u00ed t\u0159eba na . Uvid\u00edte, \u017ee si tam jist\u011b vyberete. Uspokoj\u00ed toti\u017e v\u0161echny va\u0161e pot\u0159eby. A mo\u017en\u00e1 nez\u016fstanete jen o jednoho kousku.                                                                                                                                                                                                                                                                                                                                                                                          4.1\/5 - (9 votes)        "},{"@context":"https:\/\/schema.org\/","@type":"BreadcrumbList","itemListElement":[{"@type":"ListItem","position":1,"name":"\u010cernou klasikou nikdy nic nezkaz\u00edte","item":"https:\/\/www.anena.cz\/cernou-klasikou-nikdy-nic-nezkazite\/#breadcrumbitem"}]}]