[{"@context":"https:\/\/schema.org\/","@type":"Article","@id":"https:\/\/www.anena.cz\/nicive-povodne-zatrasly-i-mosty-praha\/#Article","mainEntityOfPage":"https:\/\/www.anena.cz\/nicive-povodne-zatrasly-i-mosty-praha\/","headline":"Ni\u010div\u00e9 povodn\u011b zat\u0159\u00e1sly i mosty Praha","name":"Ni\u010div\u00e9 povodn\u011b zat\u0159\u00e1sly i mosty Praha","description":"7. srpna 2002 ve zpr\u00e1v\u00e1ch na v\u0161ech programech zazn\u011bly alarmuj\u00edc\u00ed slova oznamuj\u00edc\u00ed povodn\u011b v n\u011bkolika lokalit\u00e1ch \u010cesk\u00e9 republiky. Krom\u011b posti\u017een\u00fdch &hellip; <a class=\"more-link\" href=\"https:\/\/www.anena.cz\/nicive-povodne-zatrasly-i-mosty-praha\/\">More<\/a>","datePublished":"2024-10-13","dateModified":"2024-10-13","author":{"@type":"Person","@id":"https:\/\/www.anena.cz\/author\/#Person","name":"anena.cz\n","url":"https:\/\/www.anena.cz\/author\/","identifier":1,"image":{"@type":"ImageObject","@id":"https:\/\/secure.gravatar.com\/avatar\/93869824c8aa580f0d16049ad31e69846ffc925e0cbb2826cc9554f53943da69?s=96&d=mm&r=g","url":"https:\/\/secure.gravatar.com\/avatar\/93869824c8aa580f0d16049ad31e69846ffc925e0cbb2826cc9554f53943da69?s=96&d=mm&r=g","height":96,"width":96}},"publisher":{"@type":"Organization","name":"anena.cz","logo":{"@type":"ImageObject","@id":"\/logo.png","url":"\/logo.png","width":600,"height":60}},"url":"https:\/\/www.anena.cz\/nicive-povodne-zatrasly-i-mosty-praha\/","wordCount":257,"articleBody":"\t7. srpna 2002 ve zpr\u00e1v\u00e1ch na v\u0161ech programech zazn\u011bly alarmuj\u00edc\u00ed slova oznamuj\u00edc\u00ed povodn\u011b v n\u011bkolika lokalit\u00e1ch \u010cesk\u00e9 republiky. Krom\u011b posti\u017een\u00fdch oblast\u00ed na jihu \u010cech lid\u00e9 t\u011bmto informac\u00edm nev\u011bnovali \u017e\u00e1dnou zvl\u00e1\u0161tn\u00ed pozornost, ov\u0161em tentokr\u00e1t byla situace zcela jin\u00e1 ne\u017e v minul\u00fdch letech. Ji\u017e 12. srpna tehdej\u0161\u00ed premi\u00e9r V. \u0160pidla vyhla\u0161uje stav ohro\u017een\u00ed pro n\u011bkolik kraj\u016f, i Prahu. Tehdy zapo\u010daly dlouh\u00e9 hodiny pro z\u00e1chran\u00e1\u0159e, nebo\u0165 bylo evakuov\u00e1no na tis\u00edce obyvatel, a z\u00e1rove\u0148 odstartoval boj o chloubu mezi mosty Praha.\tZ\u00e1chrann\u00e1 akce \u2013 Karl\u016fv most\tKarl\u016fv most nebyl zcela jedin\u00fd mezi mosty Praha, kter\u00fdm zat\u0159\u00e1sla nejv\u011bt\u0161\u00ed povode\u0148 od roku 1845, ov\u0161em kv\u016fli neju\u017e\u0161\u00edm mezer\u00e1m ze v\u0161ech z\u00e1chran\u00e1\u0159i opravdu bojovali s ot\u00e1zkou jeho z\u00e1chovy. Dlouh\u00fdch 38 hodin zde \u010deta hasi\u010d\u016f str\u00e1vila v\u00fdlovem p\u0159edm\u011bt\u016f, kter\u00e9 by mohly po\u0161kodit pil\u00ed\u0159e z kv\u00e1dr\u016f. A\u017e do druh\u00e9 hodiny rann\u00ed 14. srpna se v r\u00e1mci situace v\u0161e da\u0159ilo celkem dob\u0159e, ov\u0161em v tu dobu se za\u010dalo v\u0161e t\u0159\u00e1st a p\u0159i\u0161el ten nejsiln\u011bj\u0161\u00ed proud Vltavy i Berounky. R\u00e1zem m\u011bl Karl\u016fv most v\u0161e ve sv\u00fdch rukou. Po p\u016fl hodin\u011b se situace uklidnila a bagr znovu vytahoval p\u0159edm\u011bty, kter\u00e9 by mohly poni\u010dit i ostatn\u00ed mosty Praha. M\u016f\u017eeme jen \u0159\u00edci, akce se zda\u0159ila!                                                                                                                                                                                                                                                                                                                                                                                         4.2\/5 - (4 votes)        "},{"@context":"https:\/\/schema.org\/","@type":"BreadcrumbList","itemListElement":[{"@type":"ListItem","position":1,"name":"Ni\u010div\u00e9 povodn\u011b zat\u0159\u00e1sly i mosty Praha","item":"https:\/\/www.anena.cz\/nicive-povodne-zatrasly-i-mosty-praha\/#breadcrumbitem"}]}]