[{"@context":"https:\/\/schema.org\/","@type":"Blog","@id":"https:\/\/www.anena.cz#Blog","headline":"Anena","description":"\nFantastick\u00e9 zpr\u00e1vy, kter\u00e9 v\u00e1m nab\u00edz\u00ed mo\u017enost dozv\u011bd\u011bt se novinky z cel\u00e9ho sv\u011bta. Kultura. Sport. Filmy. A mnoho dal\u0161\u00edho na v\u00e1s \u010dek\u00e1 v nov\u00e9m internetov\u00e9m magaz\u00ednu, kde najdete i rubriky s tipy a n\u00e1pady.","url":"https:\/\/www.anena.cz","hasPart":[{"@type":"Article","@id":"https:\/\/www.anena.cz\/elektrokolo-jako-zcela-novy-dopravni-prostredek\/","headline":"Elektrokolo jako zcela nov\u00fd dopravn\u00ed prost\u0159edek","url":"https:\/\/www.anena.cz\/elektrokolo-jako-zcela-novy-dopravni-prostredek\/","datePublished":"2023-11-02","dateModified":"2023-11-02","mainEntityOfPage":"https:\/\/www.anena.cz\/elektrokolo-jako-zcela-novy-dopravni-prostredek\/","author":{"@type":"Person","@id":"https:\/\/www.anena.cz\/author\/#Person","name":"anena.cz\n","url":"https:\/\/www.anena.cz\/author\/","identifier":1,"image":{"@type":"ImageObject","@id":"https:\/\/secure.gravatar.com\/avatar\/93869824c8aa580f0d16049ad31e69846ffc925e0cbb2826cc9554f53943da69?s=96&d=mm&r=g","url":"https:\/\/secure.gravatar.com\/avatar\/93869824c8aa580f0d16049ad31e69846ffc925e0cbb2826cc9554f53943da69?s=96&d=mm&r=g","height":96,"width":96}},"publisher":{"@type":"Organization","name":"anena.cz","logo":{"@type":"ImageObject","@id":"\/logo.png","url":"\/logo.png","width":600,"height":60}},"image":null,"wordCount":265,"keywords":null},{"@type":"Article","@id":"https:\/\/www.anena.cz\/vse-co-potrebujete-aby-vase-bydleni-bylo-vase-vlastni-pohadka\/","headline":"V\u0161e, co pot\u0159ebujete, aby va\u0161e bydlen\u00ed bylo va\u0161e vlastn\u00ed poh\u00e1dka","url":"https:\/\/www.anena.cz\/vse-co-potrebujete-aby-vase-bydleni-bylo-vase-vlastni-pohadka\/","datePublished":"2023-09-24","dateModified":"2023-09-24","mainEntityOfPage":"https:\/\/www.anena.cz\/vse-co-potrebujete-aby-vase-bydleni-bylo-vase-vlastni-pohadka\/","author":{"@type":"Person","@id":"https:\/\/www.anena.cz\/author\/#Person","name":"anena.cz\n","url":"https:\/\/www.anena.cz\/author\/","identifier":1,"image":{"@type":"ImageObject","@id":"https:\/\/secure.gravatar.com\/avatar\/93869824c8aa580f0d16049ad31e69846ffc925e0cbb2826cc9554f53943da69?s=96&d=mm&r=g","url":"https:\/\/secure.gravatar.com\/avatar\/93869824c8aa580f0d16049ad31e69846ffc925e0cbb2826cc9554f53943da69?s=96&d=mm&r=g","height":96,"width":96}},"publisher":{"@type":"Organization","name":"anena.cz","logo":{"@type":"ImageObject","@id":"\/logo.png","url":"\/logo.png","width":600,"height":60}},"image":null,"wordCount":272,"keywords":null},{"@type":"Article","@id":"https:\/\/www.anena.cz\/dokonale-zatmaveni\/","headline":"Dokonal\u00e9 zatmaven\u00ed","url":"https:\/\/www.anena.cz\/dokonale-zatmaveni\/","datePublished":"2023-08-19","dateModified":"2023-08-19","mainEntityOfPage":"https:\/\/www.anena.cz\/dokonale-zatmaveni\/","author":{"@type":"Person","@id":"https:\/\/www.anena.cz\/author\/#Person","name":"anena.cz\n","url":"https:\/\/www.anena.cz\/author\/","identifier":1,"image":{"@type":"ImageObject","@id":"https:\/\/secure.gravatar.com\/avatar\/93869824c8aa580f0d16049ad31e69846ffc925e0cbb2826cc9554f53943da69?s=96&d=mm&r=g","url":"https:\/\/secure.gravatar.com\/avatar\/93869824c8aa580f0d16049ad31e69846ffc925e0cbb2826cc9554f53943da69?s=96&d=mm&r=g","height":96,"width":96}},"publisher":{"@type":"Organization","name":"anena.cz","logo":{"@type":"ImageObject","@id":"\/logo.png","url":"\/logo.png","width":600,"height":60}},"image":null,"wordCount":277,"keywords":null},{"@type":"Article","@id":"https:\/\/www.anena.cz\/jak-si-ulevit-pri-praci-u-pocitace\/","headline":"Jak si ulevit p\u0159i pr\u00e1ci u po\u010d\u00edta\u010de","url":"https:\/\/www.anena.cz\/jak-si-ulevit-pri-praci-u-pocitace\/","datePublished":"2023-07-21","dateModified":"2023-09-27","mainEntityOfPage":"https:\/\/www.anena.cz\/jak-si-ulevit-pri-praci-u-pocitace\/","author":{"@type":"Person","@id":"https:\/\/www.anena.cz\/author\/#Person","name":"anena.cz\n","url":"https:\/\/www.anena.cz\/author\/","identifier":1,"image":{"@type":"ImageObject","@id":"https:\/\/secure.gravatar.com\/avatar\/93869824c8aa580f0d16049ad31e69846ffc925e0cbb2826cc9554f53943da69?s=96&d=mm&r=g","url":"https:\/\/secure.gravatar.com\/avatar\/93869824c8aa580f0d16049ad31e69846ffc925e0cbb2826cc9554f53943da69?s=96&d=mm&r=g","height":96,"width":96}},"publisher":{"@type":"Organization","name":"anena.cz","logo":{"@type":"ImageObject","@id":"\/logo.png","url":"\/logo.png","width":600,"height":60}},"image":{"@type":"ImageObject","@id":"https:\/\/www.anena.cz\/wp-content\/uploads\/icons8-team-CrW-TbykPBQ-unsplash.jpg","url":"https:\/\/www.anena.cz\/wp-content\/uploads\/icons8-team-CrW-TbykPBQ-unsplash.jpg","height":0,"width":0},"wordCount":593,"keywords":null},{"@type":"Article","@id":"https:\/\/www.anena.cz\/bez-sexu-to-nejde\/","headline":"Bez sexu to nejde","url":"https:\/\/www.anena.cz\/bez-sexu-to-nejde\/","datePublished":"2023-07-18","dateModified":"2024-05-28","mainEntityOfPage":"https:\/\/www.anena.cz\/bez-sexu-to-nejde\/","author":{"@type":"Person","@id":"https:\/\/www.anena.cz\/author\/#Person","name":"anena.cz\n","url":"https:\/\/www.anena.cz\/author\/","identifier":1,"image":{"@type":"ImageObject","@id":"https:\/\/secure.gravatar.com\/avatar\/93869824c8aa580f0d16049ad31e69846ffc925e0cbb2826cc9554f53943da69?s=96&d=mm&r=g","url":"https:\/\/secure.gravatar.com\/avatar\/93869824c8aa580f0d16049ad31e69846ffc925e0cbb2826cc9554f53943da69?s=96&d=mm&r=g","height":96,"width":96}},"publisher":{"@type":"Organization","name":"anena.cz","logo":{"@type":"ImageObject","@id":"\/logo.png","url":"\/logo.png","width":600,"height":60}},"image":{"@type":"ImageObject","@id":"https:\/\/www.anena.cz\/wp-content\/uploads\/condom-1822413_640_10_10_10_1.jpg","url":"https:\/\/www.anena.cz\/wp-content\/uploads\/condom-1822413_640_10_10_10_1.jpg","height":0,"width":0},"wordCount":545,"keywords":null},{"@type":"Article","@id":"https:\/\/www.anena.cz\/tesite-se-do-prace\/","headline":"T\u011b\u0161\u00edte se do pr\u00e1ce?","url":"https:\/\/www.anena.cz\/tesite-se-do-prace\/","datePublished":"2023-07-13","dateModified":"2023-07-13","mainEntityOfPage":"https:\/\/www.anena.cz\/tesite-se-do-prace\/","author":{"@type":"Person","@id":"https:\/\/www.anena.cz\/author\/#Person","name":"anena.cz\n","url":"https:\/\/www.anena.cz\/author\/","identifier":1,"image":{"@type":"ImageObject","@id":"https:\/\/secure.gravatar.com\/avatar\/93869824c8aa580f0d16049ad31e69846ffc925e0cbb2826cc9554f53943da69?s=96&d=mm&r=g","url":"https:\/\/secure.gravatar.com\/avatar\/93869824c8aa580f0d16049ad31e69846ffc925e0cbb2826cc9554f53943da69?s=96&d=mm&r=g","height":96,"width":96}},"publisher":{"@type":"Organization","name":"anena.cz","logo":{"@type":"ImageObject","@id":"\/logo.png","url":"\/logo.png","width":600,"height":60}},"image":null,"wordCount":282,"keywords":null},{"@type":"Article","@id":"https:\/\/www.anena.cz\/marketing-je-investici-ktera-se-vam-vrati\/","headline":"Marketing je investic\u00ed, kter\u00e1 se v\u00e1m vr\u00e1t\u00ed","url":"https:\/\/www.anena.cz\/marketing-je-investici-ktera-se-vam-vrati\/","datePublished":"2023-07-08","dateModified":"2023-10-16","mainEntityOfPage":"https:\/\/www.anena.cz\/marketing-je-investici-ktera-se-vam-vrati\/","author":{"@type":"Person","@id":"https:\/\/www.anena.cz\/author\/#Person","name":"anena.cz\n","url":"https:\/\/www.anena.cz\/author\/","identifier":1,"image":{"@type":"ImageObject","@id":"https:\/\/secure.gravatar.com\/avatar\/93869824c8aa580f0d16049ad31e69846ffc925e0cbb2826cc9554f53943da69?s=96&d=mm&r=g","url":"https:\/\/secure.gravatar.com\/avatar\/93869824c8aa580f0d16049ad31e69846ffc925e0cbb2826cc9554f53943da69?s=96&d=mm&r=g","height":96,"width":96}},"publisher":{"@type":"Organization","name":"anena.cz","logo":{"@type":"ImageObject","@id":"\/logo.png","url":"\/logo.png","width":600,"height":60}},"image":{"@type":"ImageObject","@id":"https:\/\/www.anena.cz\/wp-content\/uploads\/jason-goodman-bzqU01v-G54-unsplash.jpg","url":"https:\/\/www.anena.cz\/wp-content\/uploads\/jason-goodman-bzqU01v-G54-unsplash.jpg","height":0,"width":0},"wordCount":508,"keywords":null},{"@type":"Article","@id":"https:\/\/www.anena.cz\/presvedcte-se-na-vlastni-kuzi\/","headline":"P\u0159esv\u011bd\u010dte se na vlastn\u00ed k\u016f\u017ei","url":"https:\/\/www.anena.cz\/presvedcte-se-na-vlastni-kuzi\/","datePublished":"2023-06-04","dateModified":"2024-06-07","mainEntityOfPage":"https:\/\/www.anena.cz\/presvedcte-se-na-vlastni-kuzi\/","author":{"@type":"Person","@id":"https:\/\/www.anena.cz\/author\/#Person","name":"anena.cz\n","url":"https:\/\/www.anena.cz\/author\/","identifier":1,"image":{"@type":"ImageObject","@id":"https:\/\/secure.gravatar.com\/avatar\/93869824c8aa580f0d16049ad31e69846ffc925e0cbb2826cc9554f53943da69?s=96&d=mm&r=g","url":"https:\/\/secure.gravatar.com\/avatar\/93869824c8aa580f0d16049ad31e69846ffc925e0cbb2826cc9554f53943da69?s=96&d=mm&r=g","height":96,"width":96}},"publisher":{"@type":"Organization","name":"anena.cz","logo":{"@type":"ImageObject","@id":"\/logo.png","url":"\/logo.png","width":600,"height":60}},"image":null,"wordCount":279,"keywords":null},{"@type":"Article","@id":"https:\/\/www.anena.cz\/marodime-s-aterosklerozou\/","headline":"Marod\u00edme s ateroskler\u00f3zou","url":"https:\/\/www.anena.cz\/marodime-s-aterosklerozou\/","datePublished":"2023-04-26","dateModified":"2023-04-26","mainEntityOfPage":"https:\/\/www.anena.cz\/marodime-s-aterosklerozou\/","author":{"@type":"Person","@id":"https:\/\/www.anena.cz\/author\/#Person","name":"anena.cz\n","url":"https:\/\/www.anena.cz\/author\/","identifier":1,"image":{"@type":"ImageObject","@id":"https:\/\/secure.gravatar.com\/avatar\/93869824c8aa580f0d16049ad31e69846ffc925e0cbb2826cc9554f53943da69?s=96&d=mm&r=g","url":"https:\/\/secure.gravatar.com\/avatar\/93869824c8aa580f0d16049ad31e69846ffc925e0cbb2826cc9554f53943da69?s=96&d=mm&r=g","height":96,"width":96}},"publisher":{"@type":"Organization","name":"anena.cz","logo":{"@type":"ImageObject","@id":"\/logo.png","url":"\/logo.png","width":600,"height":60}},"image":null,"wordCount":485,"keywords":null},{"@type":"Article","@id":"https:\/\/www.anena.cz\/nevite-si-rady-s-atypickou-mistnosti-my-vas-problem-vyresime\/","headline":"Nev\u00edte si rady s atypickou m\u00edstnost\u00ed? My v\u00e1\u0161 probl\u00e9m vy\u0159e\u0161\u00edme","url":"https:\/\/www.anena.cz\/nevite-si-rady-s-atypickou-mistnosti-my-vas-problem-vyresime\/","datePublished":"2023-04-26","dateModified":"2023-04-26","mainEntityOfPage":"https:\/\/www.anena.cz\/nevite-si-rady-s-atypickou-mistnosti-my-vas-problem-vyresime\/","author":{"@type":"Person","@id":"https:\/\/www.anena.cz\/author\/#Person","name":"anena.cz\n","url":"https:\/\/www.anena.cz\/author\/","identifier":1,"image":{"@type":"ImageObject","@id":"https:\/\/secure.gravatar.com\/avatar\/93869824c8aa580f0d16049ad31e69846ffc925e0cbb2826cc9554f53943da69?s=96&d=mm&r=g","url":"https:\/\/secure.gravatar.com\/avatar\/93869824c8aa580f0d16049ad31e69846ffc925e0cbb2826cc9554f53943da69?s=96&d=mm&r=g","height":96,"width":96}},"publisher":{"@type":"Organization","name":"anena.cz","logo":{"@type":"ImageObject","@id":"\/logo.png","url":"\/logo.png","width":600,"height":60}},"image":null,"wordCount":497,"keywords":null}]},{"@context":"https:\/\/schema.org","@type":"WebSite","@id":"https:\/\/www.anena.cz\/#website","name":"Anena","url":"https:\/\/www.anena.cz","potentialAction":{"@type":"SearchAction","target":"https:\/\/www.anena.cz\/?s={search_term_string}","query-input":"required name=search_term_string"}}]