[{"@context":"https:\/\/schema.org\/","@type":"Blog","@id":"https:\/\/www.anena.cz#Blog","headline":"Anena","description":"\nFantastick\u00e9 zpr\u00e1vy, kter\u00e9 v\u00e1m nab\u00edz\u00ed mo\u017enost dozv\u011bd\u011bt se novinky z cel\u00e9ho sv\u011bta. Kultura. Sport. Filmy. A mnoho dal\u0161\u00edho na v\u00e1s \u010dek\u00e1 v nov\u00e9m internetov\u00e9m magaz\u00ednu, kde najdete i rubriky s tipy a n\u00e1pady.","url":"https:\/\/www.anena.cz","hasPart":[{"@type":"Article","@id":"https:\/\/www.anena.cz\/kdy-se-vyplati-vyuzit-sluzeb-firem-jako-je-reklamni-agentura-brno\/","headline":"Kdy se vyplat\u00ed vyu\u017e\u00edt slu\u017eeb firem jako je reklamn\u00ed agentura Brno","url":"https:\/\/www.anena.cz\/kdy-se-vyplati-vyuzit-sluzeb-firem-jako-je-reklamni-agentura-brno\/","datePublished":"2020-01-01","dateModified":"2023-04-26","mainEntityOfPage":"https:\/\/www.anena.cz\/kdy-se-vyplati-vyuzit-sluzeb-firem-jako-je-reklamni-agentura-brno\/","author":{"@type":"Person","@id":"https:\/\/www.anena.cz\/author\/#Person","name":"anena.cz\n","url":"https:\/\/www.anena.cz\/author\/","identifier":1,"image":{"@type":"ImageObject","@id":"https:\/\/secure.gravatar.com\/avatar\/93869824c8aa580f0d16049ad31e69846ffc925e0cbb2826cc9554f53943da69?s=96&d=mm&r=g","url":"https:\/\/secure.gravatar.com\/avatar\/93869824c8aa580f0d16049ad31e69846ffc925e0cbb2826cc9554f53943da69?s=96&d=mm&r=g","height":96,"width":96}},"publisher":{"@type":"Organization","name":"anena.cz","logo":{"@type":"ImageObject","@id":"\/logo.png","url":"\/logo.png","width":600,"height":60}},"image":{"@type":"ImageObject","@id":"https:\/\/www.anena.cz\/wp-content\/uploads\/img_a372726_w1962_t1584103621.jpg","url":"https:\/\/www.anena.cz\/wp-content\/uploads\/img_a372726_w1962_t1584103621.jpg","height":0,"width":0},"wordCount":501,"keywords":null},{"@type":"Article","@id":"https:\/\/www.anena.cz\/nejen-cenove-vyhodne-bydleni\/","headline":"Nejen cenov\u011b v\u00fdhodn\u00e9 bydlen\u00ed","url":"https:\/\/www.anena.cz\/nejen-cenove-vyhodne-bydleni\/","datePublished":"2020-01-01","dateModified":"2023-04-26","mainEntityOfPage":"https:\/\/www.anena.cz\/nejen-cenove-vyhodne-bydleni\/","author":{"@type":"Person","@id":"https:\/\/www.anena.cz\/author\/#Person","name":"anena.cz\n","url":"https:\/\/www.anena.cz\/author\/","identifier":1,"image":{"@type":"ImageObject","@id":"https:\/\/secure.gravatar.com\/avatar\/93869824c8aa580f0d16049ad31e69846ffc925e0cbb2826cc9554f53943da69?s=96&d=mm&r=g","url":"https:\/\/secure.gravatar.com\/avatar\/93869824c8aa580f0d16049ad31e69846ffc925e0cbb2826cc9554f53943da69?s=96&d=mm&r=g","height":96,"width":96}},"publisher":{"@type":"Organization","name":"anena.cz","logo":{"@type":"ImageObject","@id":"\/logo.png","url":"\/logo.png","width":600,"height":60}},"image":{"@type":"ImageObject","@id":"https:\/\/www.anena.cz\/wp-content\/uploads\/img_a374800_w1962_t1586429850.jpg","url":"https:\/\/www.anena.cz\/wp-content\/uploads\/img_a374800_w1962_t1586429850.jpg","height":0,"width":0},"wordCount":561,"keywords":null},{"@type":"Article","@id":"https:\/\/www.anena.cz\/belveder\/","headline":"Belveder","url":"https:\/\/www.anena.cz\/belveder\/","datePublished":"2019-12-26","dateModified":"2023-11-10","mainEntityOfPage":"https:\/\/www.anena.cz\/belveder\/","author":{"@type":"Person","@id":"https:\/\/www.anena.cz\/author\/#Person","name":"anena.cz\n","url":"https:\/\/www.anena.cz\/author\/","identifier":1,"image":{"@type":"ImageObject","@id":"https:\/\/secure.gravatar.com\/avatar\/93869824c8aa580f0d16049ad31e69846ffc925e0cbb2826cc9554f53943da69?s=96&d=mm&r=g","url":"https:\/\/secure.gravatar.com\/avatar\/93869824c8aa580f0d16049ad31e69846ffc925e0cbb2826cc9554f53943da69?s=96&d=mm&r=g","height":96,"width":96}},"publisher":{"@type":"Organization","name":"anena.cz","logo":{"@type":"ImageObject","@id":"\/logo.png","url":"\/logo.png","width":600,"height":60}},"image":{"@type":"ImageObject","@id":"https:\/\/www.anena.cz\/wp-content\/uploads\/img_a369790_w1962_t1581796667.jpg","url":"https:\/\/www.anena.cz\/wp-content\/uploads\/img_a369790_w1962_t1581796667.jpg","height":0,"width":0},"wordCount":520,"keywords":null},{"@type":"Article","@id":"https:\/\/www.anena.cz\/nemoc-jakou-je-erektilni-dysfunkce-vas-nemusi-zastavit\/","headline":"Nemoc, jakou je erektiln\u00ed dysfunkce v\u00e1s nemus\u00ed zastavit","url":"https:\/\/www.anena.cz\/nemoc-jakou-je-erektilni-dysfunkce-vas-nemusi-zastavit\/","datePublished":"2019-11-22","dateModified":"2023-10-31","mainEntityOfPage":"https:\/\/www.anena.cz\/nemoc-jakou-je-erektilni-dysfunkce-vas-nemusi-zastavit\/","author":{"@type":"Person","@id":"https:\/\/www.anena.cz\/author\/#Person","name":"anena.cz\n","url":"https:\/\/www.anena.cz\/author\/","identifier":1,"image":{"@type":"ImageObject","@id":"https:\/\/secure.gravatar.com\/avatar\/93869824c8aa580f0d16049ad31e69846ffc925e0cbb2826cc9554f53943da69?s=96&d=mm&r=g","url":"https:\/\/secure.gravatar.com\/avatar\/93869824c8aa580f0d16049ad31e69846ffc925e0cbb2826cc9554f53943da69?s=96&d=mm&r=g","height":96,"width":96}},"publisher":{"@type":"Organization","name":"anena.cz","logo":{"@type":"ImageObject","@id":"\/logo.png","url":"\/logo.png","width":600,"height":60}},"image":{"@type":"ImageObject","@id":"https:\/\/www.anena.cz\/wp-content\/uploads\/img_a372004_w1962_t1583322230.jpg","url":"https:\/\/www.anena.cz\/wp-content\/uploads\/img_a372004_w1962_t1583322230.jpg","height":0,"width":0},"wordCount":570,"keywords":null},{"@type":"Article","@id":"https:\/\/www.anena.cz\/pri-vyberu-sedaciho-vaku-se-ohlizejte-po-materialu-vyplne-i-druhu-potahu\/","headline":"P\u0159i v\u00fdb\u011bru sedac\u00edho vaku se ohl\u00ed\u017eejte po materi\u00e1lu v\u00fdpln\u011b i druhu potahu","url":"https:\/\/www.anena.cz\/pri-vyberu-sedaciho-vaku-se-ohlizejte-po-materialu-vyplne-i-druhu-potahu\/","datePublished":"2019-11-14","dateModified":"2023-04-26","mainEntityOfPage":"https:\/\/www.anena.cz\/pri-vyberu-sedaciho-vaku-se-ohlizejte-po-materialu-vyplne-i-druhu-potahu\/","author":{"@type":"Person","@id":"https:\/\/www.anena.cz\/author\/#Person","name":"anena.cz\n","url":"https:\/\/www.anena.cz\/author\/","identifier":1,"image":{"@type":"ImageObject","@id":"https:\/\/secure.gravatar.com\/avatar\/93869824c8aa580f0d16049ad31e69846ffc925e0cbb2826cc9554f53943da69?s=96&d=mm&r=g","url":"https:\/\/secure.gravatar.com\/avatar\/93869824c8aa580f0d16049ad31e69846ffc925e0cbb2826cc9554f53943da69?s=96&d=mm&r=g","height":96,"width":96}},"publisher":{"@type":"Organization","name":"anena.cz","logo":{"@type":"ImageObject","@id":"\/logo.png","url":"\/logo.png","width":600,"height":60}},"image":{"@type":"ImageObject","@id":"https:\/\/www.anena.cz\/wp-content\/uploads\/img_a368599_w1962_t1580907420.jpg","url":"https:\/\/www.anena.cz\/wp-content\/uploads\/img_a368599_w1962_t1580907420.jpg","height":0,"width":0},"wordCount":552,"keywords":null},{"@type":"Article","@id":"https:\/\/www.anena.cz\/zbavte-se-prebytecnych-kilogramu-jednou-pro-vzdy-a-navic-snadnou-a-prijemnou-cestou\/","headline":"Zbavte se p\u0159ebyte\u010dn\u00fdch kilogram\u016f jednou pro v\u017edy a nav\u00edc snadnou a p\u0159\u00edjemnou cestou","url":"https:\/\/www.anena.cz\/zbavte-se-prebytecnych-kilogramu-jednou-pro-vzdy-a-navic-snadnou-a-prijemnou-cestou\/","datePublished":"2019-11-05","dateModified":"2023-11-20","mainEntityOfPage":"https:\/\/www.anena.cz\/zbavte-se-prebytecnych-kilogramu-jednou-pro-vzdy-a-navic-snadnou-a-prijemnou-cestou\/","author":{"@type":"Person","@id":"https:\/\/www.anena.cz\/author\/#Person","name":"anena.cz\n","url":"https:\/\/www.anena.cz\/author\/","identifier":1,"image":{"@type":"ImageObject","@id":"https:\/\/secure.gravatar.com\/avatar\/93869824c8aa580f0d16049ad31e69846ffc925e0cbb2826cc9554f53943da69?s=96&d=mm&r=g","url":"https:\/\/secure.gravatar.com\/avatar\/93869824c8aa580f0d16049ad31e69846ffc925e0cbb2826cc9554f53943da69?s=96&d=mm&r=g","height":96,"width":96}},"publisher":{"@type":"Organization","name":"anena.cz","logo":{"@type":"ImageObject","@id":"\/logo.png","url":"\/logo.png","width":600,"height":60}},"image":{"@type":"ImageObject","@id":"https:\/\/www.anena.cz\/wp-content\/uploads\/img_a370180_w1962_t1581962325.jpg","url":"https:\/\/www.anena.cz\/wp-content\/uploads\/img_a370180_w1962_t1581962325.jpg","height":0,"width":0},"wordCount":527,"keywords":null},{"@type":"Article","@id":"https:\/\/www.anena.cz\/proc-vsadit-na-drevene-postele-z-masivu-borovice-120-x-200\/","headline":"Pro\u010d vsadit na d\u0159ev\u011bn\u00e9 postele z masivu borovice 120 x 200","url":"https:\/\/www.anena.cz\/proc-vsadit-na-drevene-postele-z-masivu-borovice-120-x-200\/","datePublished":"2019-10-04","dateModified":"2024-02-22","mainEntityOfPage":"https:\/\/www.anena.cz\/proc-vsadit-na-drevene-postele-z-masivu-borovice-120-x-200\/","author":{"@type":"Person","@id":"https:\/\/www.anena.cz\/author\/#Person","name":"anena.cz\n","url":"https:\/\/www.anena.cz\/author\/","identifier":1,"image":{"@type":"ImageObject","@id":"https:\/\/secure.gravatar.com\/avatar\/93869824c8aa580f0d16049ad31e69846ffc925e0cbb2826cc9554f53943da69?s=96&d=mm&r=g","url":"https:\/\/secure.gravatar.com\/avatar\/93869824c8aa580f0d16049ad31e69846ffc925e0cbb2826cc9554f53943da69?s=96&d=mm&r=g","height":96,"width":96}},"publisher":{"@type":"Organization","name":"anena.cz","logo":{"@type":"ImageObject","@id":"\/logo.png","url":"\/logo.png","width":600,"height":60}},"image":{"@type":"ImageObject","@id":"https:\/\/www.anena.cz\/wp-content\/uploads\/img_a366404_w1962_t1578999044.jpg","url":"https:\/\/www.anena.cz\/wp-content\/uploads\/img_a366404_w1962_t1578999044.jpg","height":0,"width":0},"wordCount":539,"keywords":null},{"@type":"Article","@id":"https:\/\/www.anena.cz\/zadne-zbozi-nezustane-bez-prepravky\/","headline":"\u017d\u00e1dn\u00e9 zbo\u017e\u00ed nez\u016fstane bez p\u0159epravky","url":"https:\/\/www.anena.cz\/zadne-zbozi-nezustane-bez-prepravky\/","datePublished":"2019-09-17","dateModified":"2023-09-07","mainEntityOfPage":"https:\/\/www.anena.cz\/zadne-zbozi-nezustane-bez-prepravky\/","author":{"@type":"Person","@id":"https:\/\/www.anena.cz\/author\/#Person","name":"anena.cz\n","url":"https:\/\/www.anena.cz\/author\/","identifier":1,"image":{"@type":"ImageObject","@id":"https:\/\/secure.gravatar.com\/avatar\/93869824c8aa580f0d16049ad31e69846ffc925e0cbb2826cc9554f53943da69?s=96&d=mm&r=g","url":"https:\/\/secure.gravatar.com\/avatar\/93869824c8aa580f0d16049ad31e69846ffc925e0cbb2826cc9554f53943da69?s=96&d=mm&r=g","height":96,"width":96}},"publisher":{"@type":"Organization","name":"anena.cz","logo":{"@type":"ImageObject","@id":"\/logo.png","url":"\/logo.png","width":600,"height":60}},"image":{"@type":"ImageObject","@id":"https:\/\/www.anena.cz\/wp-content\/uploads\/img_a344250_w1735_t1557819416.jpg","url":"https:\/\/www.anena.cz\/wp-content\/uploads\/img_a344250_w1735_t1557819416.jpg","height":0,"width":0},"wordCount":506,"keywords":null},{"@type":"Article","@id":"https:\/\/www.anena.cz\/hra-ktera-potrapi-a-proveri-vasi-logiku\/","headline":"Hra, kter\u00e1 potr\u00e1p\u00ed a prov\u011b\u0159\u00ed va\u0161i logiku","url":"https:\/\/www.anena.cz\/hra-ktera-potrapi-a-proveri-vasi-logiku\/","datePublished":"2019-09-10","dateModified":"2023-04-26","mainEntityOfPage":"https:\/\/www.anena.cz\/hra-ktera-potrapi-a-proveri-vasi-logiku\/","author":{"@type":"Person","@id":"https:\/\/www.anena.cz\/author\/#Person","name":"anena.cz\n","url":"https:\/\/www.anena.cz\/author\/","identifier":1,"image":{"@type":"ImageObject","@id":"https:\/\/secure.gravatar.com\/avatar\/93869824c8aa580f0d16049ad31e69846ffc925e0cbb2826cc9554f53943da69?s=96&d=mm&r=g","url":"https:\/\/secure.gravatar.com\/avatar\/93869824c8aa580f0d16049ad31e69846ffc925e0cbb2826cc9554f53943da69?s=96&d=mm&r=g","height":96,"width":96}},"publisher":{"@type":"Organization","name":"anena.cz","logo":{"@type":"ImageObject","@id":"\/logo.png","url":"\/logo.png","width":600,"height":60}},"image":{"@type":"ImageObject","@id":"https:\/\/www.anena.cz\/wp-content\/uploads\/img_a365662_w1962_t1578391501.jpg","url":"https:\/\/www.anena.cz\/wp-content\/uploads\/img_a365662_w1962_t1578391501.jpg","height":0,"width":0},"wordCount":4527,"keywords":null},{"@type":"Article","@id":"https:\/\/www.anena.cz\/sedacka-pro-vice-lidi-a-pohody-ve-tvaru-u\/","headline":"Seda\u010dka pro v\u00edce lid\u00ed a pohody ve tvaru U","url":"https:\/\/www.anena.cz\/sedacka-pro-vice-lidi-a-pohody-ve-tvaru-u\/","datePublished":"2019-09-06","dateModified":"2023-04-26","mainEntityOfPage":"https:\/\/www.anena.cz\/sedacka-pro-vice-lidi-a-pohody-ve-tvaru-u\/","author":{"@type":"Person","@id":"https:\/\/www.anena.cz\/author\/#Person","name":"anena.cz\n","url":"https:\/\/www.anena.cz\/author\/","identifier":1,"image":{"@type":"ImageObject","@id":"https:\/\/secure.gravatar.com\/avatar\/93869824c8aa580f0d16049ad31e69846ffc925e0cbb2826cc9554f53943da69?s=96&d=mm&r=g","url":"https:\/\/secure.gravatar.com\/avatar\/93869824c8aa580f0d16049ad31e69846ffc925e0cbb2826cc9554f53943da69?s=96&d=mm&r=g","height":96,"width":96}},"publisher":{"@type":"Organization","name":"anena.cz","logo":{"@type":"ImageObject","@id":"\/logo.png","url":"\/logo.png","width":600,"height":60}},"image":{"@type":"ImageObject","@id":"https:\/\/www.anena.cz\/wp-content\/uploads\/img_a360284_w1962_t1574089623.jpg","url":"https:\/\/www.anena.cz\/wp-content\/uploads\/img_a360284_w1962_t1574089623.jpg","height":0,"width":0},"wordCount":596,"keywords":null}]},{"@context":"https:\/\/schema.org","@type":"WebSite","@id":"https:\/\/www.anena.cz\/#website","name":"Anena","url":"https:\/\/www.anena.cz","potentialAction":{"@type":"SearchAction","target":"https:\/\/www.anena.cz\/?s={search_term_string}","query-input":"required name=search_term_string"}}]