[{"@context":"https:\/\/schema.org\/","@type":"Blog","@id":"https:\/\/www.anena.cz#Blog","headline":"Anena","description":"\nFantastick\u00e9 zpr\u00e1vy, kter\u00e9 v\u00e1m nab\u00edz\u00ed mo\u017enost dozv\u011bd\u011bt se novinky z cel\u00e9ho sv\u011bta. Kultura. Sport. Filmy. A mnoho dal\u0161\u00edho na v\u00e1s \u010dek\u00e1 v nov\u00e9m internetov\u00e9m magaz\u00ednu, kde najdete i rubriky s tipy a n\u00e1pady.","url":"https:\/\/www.anena.cz","hasPart":[{"@type":"Article","@id":"https:\/\/www.anena.cz\/charakteristicke-rysy-kvality-za-rozumnou-cenu\/","headline":"Charakteristick\u00e9 rysy kvality za rozumnou cenu","url":"https:\/\/www.anena.cz\/charakteristicke-rysy-kvality-za-rozumnou-cenu\/","datePublished":"2025-03-19","dateModified":"2025-03-19","mainEntityOfPage":"https:\/\/www.anena.cz\/charakteristicke-rysy-kvality-za-rozumnou-cenu\/","author":{"@type":"Person","@id":"https:\/\/www.anena.cz\/author\/#Person","name":"anena.cz\n","url":"https:\/\/www.anena.cz\/author\/","identifier":1,"image":{"@type":"ImageObject","@id":"https:\/\/secure.gravatar.com\/avatar\/93869824c8aa580f0d16049ad31e69846ffc925e0cbb2826cc9554f53943da69?s=96&d=mm&r=g","url":"https:\/\/secure.gravatar.com\/avatar\/93869824c8aa580f0d16049ad31e69846ffc925e0cbb2826cc9554f53943da69?s=96&d=mm&r=g","height":96,"width":96}},"publisher":{"@type":"Organization","name":"anena.cz","logo":{"@type":"ImageObject","@id":"\/logo.png","url":"\/logo.png","width":600,"height":60}},"image":null,"wordCount":243,"keywords":null},{"@type":"Article","@id":"https:\/\/www.anena.cz\/premyslite-o-prodeji-zmrzliny\/","headline":"P\u0159em\u00fd\u0161l\u00edte o prodeji zmrzliny?","url":"https:\/\/www.anena.cz\/premyslite-o-prodeji-zmrzliny\/","datePublished":"2025-03-12","dateModified":"2025-03-12","mainEntityOfPage":"https:\/\/www.anena.cz\/premyslite-o-prodeji-zmrzliny\/","author":{"@type":"Person","@id":"https:\/\/www.anena.cz\/author\/#Person","name":"anena.cz\n","url":"https:\/\/www.anena.cz\/author\/","identifier":1,"image":{"@type":"ImageObject","@id":"https:\/\/secure.gravatar.com\/avatar\/93869824c8aa580f0d16049ad31e69846ffc925e0cbb2826cc9554f53943da69?s=96&d=mm&r=g","url":"https:\/\/secure.gravatar.com\/avatar\/93869824c8aa580f0d16049ad31e69846ffc925e0cbb2826cc9554f53943da69?s=96&d=mm&r=g","height":96,"width":96}},"publisher":{"@type":"Organization","name":"anena.cz","logo":{"@type":"ImageObject","@id":"\/logo.png","url":"\/logo.png","width":600,"height":60}},"image":null,"wordCount":252,"keywords":null},{"@type":"Article","@id":"https:\/\/www.anena.cz\/vrhame-se-na-podnikani\/","headline":"Vrh\u00e1me se na podnik\u00e1n\u00ed","url":"https:\/\/www.anena.cz\/vrhame-se-na-podnikani\/","datePublished":"2025-03-06","dateModified":"2023-04-26","mainEntityOfPage":"https:\/\/www.anena.cz\/vrhame-se-na-podnikani\/","author":{"@type":"Person","@id":"https:\/\/www.anena.cz\/author\/#Person","name":"anena.cz\n","url":"https:\/\/www.anena.cz\/author\/","identifier":1,"image":{"@type":"ImageObject","@id":"https:\/\/secure.gravatar.com\/avatar\/93869824c8aa580f0d16049ad31e69846ffc925e0cbb2826cc9554f53943da69?s=96&d=mm&r=g","url":"https:\/\/secure.gravatar.com\/avatar\/93869824c8aa580f0d16049ad31e69846ffc925e0cbb2826cc9554f53943da69?s=96&d=mm&r=g","height":96,"width":96}},"publisher":{"@type":"Organization","name":"anena.cz","logo":{"@type":"ImageObject","@id":"\/logo.png","url":"\/logo.png","width":600,"height":60}},"image":{"@type":"ImageObject","@id":"https:\/\/www.anena.cz\/wp-content\/uploads\/img_a306744_w1962_t1517991255.jpg","url":"https:\/\/www.anena.cz\/wp-content\/uploads\/img_a306744_w1962_t1517991255.jpg","height":0,"width":0},"wordCount":510,"keywords":null},{"@type":"Article","@id":"https:\/\/www.anena.cz\/chtejte-aby-si-deti-vazili-penez\/","headline":"Cht\u011bjte, aby si d\u011bti v\u00e1\u017eili pen\u011bz","url":"https:\/\/www.anena.cz\/chtejte-aby-si-deti-vazili-penez\/","datePublished":"2025-03-06","dateModified":"2023-04-26","mainEntityOfPage":"https:\/\/www.anena.cz\/chtejte-aby-si-deti-vazili-penez\/","author":{"@type":"Person","@id":"https:\/\/www.anena.cz\/author\/#Person","name":"anena.cz\n","url":"https:\/\/www.anena.cz\/author\/","identifier":1,"image":{"@type":"ImageObject","@id":"https:\/\/secure.gravatar.com\/avatar\/93869824c8aa580f0d16049ad31e69846ffc925e0cbb2826cc9554f53943da69?s=96&d=mm&r=g","url":"https:\/\/secure.gravatar.com\/avatar\/93869824c8aa580f0d16049ad31e69846ffc925e0cbb2826cc9554f53943da69?s=96&d=mm&r=g","height":96,"width":96}},"publisher":{"@type":"Organization","name":"anena.cz","logo":{"@type":"ImageObject","@id":"\/logo.png","url":"\/logo.png","width":600,"height":60}},"image":{"@type":"ImageObject","@id":"https:\/\/www.anena.cz\/wp-content\/uploads\/img_a319162_w1962_t1530035469.png","url":"https:\/\/www.anena.cz\/wp-content\/uploads\/img_a319162_w1962_t1530035469.png","height":0,"width":0},"wordCount":4622,"keywords":null},{"@type":"Article","@id":"https:\/\/www.anena.cz\/kutilstvi-hobby-nasi-doby\/","headline":"Kutilstv\u00ed &#8211; hobby na\u0161\u00ed doby","url":"https:\/\/www.anena.cz\/kutilstvi-hobby-nasi-doby\/","datePublished":"2025-03-06","dateModified":"2023-04-26","mainEntityOfPage":"https:\/\/www.anena.cz\/kutilstvi-hobby-nasi-doby\/","author":{"@type":"Person","@id":"https:\/\/www.anena.cz\/author\/#Person","name":"anena.cz\n","url":"https:\/\/www.anena.cz\/author\/","identifier":1,"image":{"@type":"ImageObject","@id":"https:\/\/secure.gravatar.com\/avatar\/93869824c8aa580f0d16049ad31e69846ffc925e0cbb2826cc9554f53943da69?s=96&d=mm&r=g","url":"https:\/\/secure.gravatar.com\/avatar\/93869824c8aa580f0d16049ad31e69846ffc925e0cbb2826cc9554f53943da69?s=96&d=mm&r=g","height":96,"width":96}},"publisher":{"@type":"Organization","name":"anena.cz","logo":{"@type":"ImageObject","@id":"\/logo.png","url":"\/logo.png","width":600,"height":60}},"image":{"@type":"ImageObject","@id":"https:\/\/www.anena.cz\/wp-content\/uploads\/img_a298421_w1962_t1508780248.jpg","url":"https:\/\/www.anena.cz\/wp-content\/uploads\/img_a298421_w1962_t1508780248.jpg","height":0,"width":0},"wordCount":548,"keywords":null},{"@type":"Article","@id":"https:\/\/www.anena.cz\/kouzlo-a-moc-v-podobe-pobytu-v-laznich\/","headline":"Kouzlo a moc v podob\u011b pobytu v l\u00e1zn\u00edch","url":"https:\/\/www.anena.cz\/kouzlo-a-moc-v-podobe-pobytu-v-laznich\/","datePublished":"2025-03-05","dateModified":"2023-04-26","mainEntityOfPage":"https:\/\/www.anena.cz\/kouzlo-a-moc-v-podobe-pobytu-v-laznich\/","author":{"@type":"Person","@id":"https:\/\/www.anena.cz\/author\/#Person","name":"anena.cz\n","url":"https:\/\/www.anena.cz\/author\/","identifier":1,"image":{"@type":"ImageObject","@id":"https:\/\/secure.gravatar.com\/avatar\/93869824c8aa580f0d16049ad31e69846ffc925e0cbb2826cc9554f53943da69?s=96&d=mm&r=g","url":"https:\/\/secure.gravatar.com\/avatar\/93869824c8aa580f0d16049ad31e69846ffc925e0cbb2826cc9554f53943da69?s=96&d=mm&r=g","height":96,"width":96}},"publisher":{"@type":"Organization","name":"anena.cz","logo":{"@type":"ImageObject","@id":"\/logo.png","url":"\/logo.png","width":600,"height":60}},"image":{"@type":"ImageObject","@id":"https:\/\/www.anena.cz\/wp-content\/uploads\/img_a306014_w1962_t1517327772.jpg","url":"https:\/\/www.anena.cz\/wp-content\/uploads\/img_a306014_w1962_t1517327772.jpg","height":0,"width":0},"wordCount":2722,"keywords":null},{"@type":"Article","@id":"https:\/\/www.anena.cz\/brana-do-virtualniho-sveta\/","headline":"Br\u00e1na do virtu\u00e1ln\u00edho sv\u011bta","url":"https:\/\/www.anena.cz\/brana-do-virtualniho-sveta\/","datePublished":"2025-03-05","dateModified":"2023-04-26","mainEntityOfPage":"https:\/\/www.anena.cz\/brana-do-virtualniho-sveta\/","author":{"@type":"Person","@id":"https:\/\/www.anena.cz\/author\/#Person","name":"anena.cz\n","url":"https:\/\/www.anena.cz\/author\/","identifier":1,"image":{"@type":"ImageObject","@id":"https:\/\/secure.gravatar.com\/avatar\/93869824c8aa580f0d16049ad31e69846ffc925e0cbb2826cc9554f53943da69?s=96&d=mm&r=g","url":"https:\/\/secure.gravatar.com\/avatar\/93869824c8aa580f0d16049ad31e69846ffc925e0cbb2826cc9554f53943da69?s=96&d=mm&r=g","height":96,"width":96}},"publisher":{"@type":"Organization","name":"anena.cz","logo":{"@type":"ImageObject","@id":"\/logo.png","url":"\/logo.png","width":600,"height":60}},"image":{"@type":"ImageObject","@id":"https:\/\/www.anena.cz\/wp-content\/uploads\/img_a309744_w1962_t1520794465.jpg","url":"https:\/\/www.anena.cz\/wp-content\/uploads\/img_a309744_w1962_t1520794465.jpg","height":0,"width":0},"wordCount":523,"keywords":null},{"@type":"Article","@id":"https:\/\/www.anena.cz\/jak-si-efektivne-udrzet-chladno-v-letnich-dnech-doma\/","headline":"Jak si efektivn\u011b udr\u017eet chladno v letn\u00edch dnech doma?","url":"https:\/\/www.anena.cz\/jak-si-efektivne-udrzet-chladno-v-letnich-dnech-doma\/","datePublished":"2025-03-05","dateModified":"2023-04-26","mainEntityOfPage":"https:\/\/www.anena.cz\/jak-si-efektivne-udrzet-chladno-v-letnich-dnech-doma\/","author":{"@type":"Person","@id":"https:\/\/www.anena.cz\/author\/#Person","name":"anena.cz\n","url":"https:\/\/www.anena.cz\/author\/","identifier":1,"image":{"@type":"ImageObject","@id":"https:\/\/secure.gravatar.com\/avatar\/93869824c8aa580f0d16049ad31e69846ffc925e0cbb2826cc9554f53943da69?s=96&d=mm&r=g","url":"https:\/\/secure.gravatar.com\/avatar\/93869824c8aa580f0d16049ad31e69846ffc925e0cbb2826cc9554f53943da69?s=96&d=mm&r=g","height":96,"width":96}},"publisher":{"@type":"Organization","name":"anena.cz","logo":{"@type":"ImageObject","@id":"\/logo.png","url":"\/logo.png","width":600,"height":60}},"image":{"@type":"ImageObject","@id":"https:\/\/www.anena.cz\/wp-content\/uploads\/img_a305094_w1962_t1516565242.jpg","url":"https:\/\/www.anena.cz\/wp-content\/uploads\/img_a305094_w1962_t1516565242.jpg","height":0,"width":0},"wordCount":2528,"keywords":null},{"@type":"Article","@id":"https:\/\/www.anena.cz\/jak-casto-menite-pneumatiky\/","headline":"Jak \u010dasto m\u011bn\u00edte pneumatiky","url":"https:\/\/www.anena.cz\/jak-casto-menite-pneumatiky\/","datePublished":"2025-03-05","dateModified":"2023-04-26","mainEntityOfPage":"https:\/\/www.anena.cz\/jak-casto-menite-pneumatiky\/","author":{"@type":"Person","@id":"https:\/\/www.anena.cz\/author\/#Person","name":"anena.cz\n","url":"https:\/\/www.anena.cz\/author\/","identifier":1,"image":{"@type":"ImageObject","@id":"https:\/\/secure.gravatar.com\/avatar\/93869824c8aa580f0d16049ad31e69846ffc925e0cbb2826cc9554f53943da69?s=96&d=mm&r=g","url":"https:\/\/secure.gravatar.com\/avatar\/93869824c8aa580f0d16049ad31e69846ffc925e0cbb2826cc9554f53943da69?s=96&d=mm&r=g","height":96,"width":96}},"publisher":{"@type":"Organization","name":"anena.cz","logo":{"@type":"ImageObject","@id":"\/logo.png","url":"\/logo.png","width":600,"height":60}},"image":{"@type":"ImageObject","@id":"https:\/\/www.anena.cz\/wp-content\/uploads\/img_a341149_w1962_t1553935716.jpg","url":"https:\/\/www.anena.cz\/wp-content\/uploads\/img_a341149_w1962_t1553935716.jpg","height":0,"width":0},"wordCount":4525,"keywords":null},{"@type":"Article","@id":"https:\/\/www.anena.cz\/vyroba-mydel-a-domaci-kosmetiky-jako-hobby\/","headline":"V\u00fdroba m\u00fddel a dom\u00e1c\u00ed kosmetiky jako hobby","url":"https:\/\/www.anena.cz\/vyroba-mydel-a-domaci-kosmetiky-jako-hobby\/","datePublished":"2025-03-05","dateModified":"2023-04-26","mainEntityOfPage":"https:\/\/www.anena.cz\/vyroba-mydel-a-domaci-kosmetiky-jako-hobby\/","author":{"@type":"Person","@id":"https:\/\/www.anena.cz\/author\/#Person","name":"anena.cz\n","url":"https:\/\/www.anena.cz\/author\/","identifier":1,"image":{"@type":"ImageObject","@id":"https:\/\/secure.gravatar.com\/avatar\/93869824c8aa580f0d16049ad31e69846ffc925e0cbb2826cc9554f53943da69?s=96&d=mm&r=g","url":"https:\/\/secure.gravatar.com\/avatar\/93869824c8aa580f0d16049ad31e69846ffc925e0cbb2826cc9554f53943da69?s=96&d=mm&r=g","height":96,"width":96}},"publisher":{"@type":"Organization","name":"anena.cz","logo":{"@type":"ImageObject","@id":"\/logo.png","url":"\/logo.png","width":600,"height":60}},"image":{"@type":"ImageObject","@id":"https:\/\/www.anena.cz\/wp-content\/uploads\/img_a339095_w1962_t1552305388.jpg","url":"https:\/\/www.anena.cz\/wp-content\/uploads\/img_a339095_w1962_t1552305388.jpg","height":0,"width":0},"wordCount":490,"keywords":null}]},{"@context":"https:\/\/schema.org","@type":"WebSite","@id":"https:\/\/www.anena.cz\/#website","name":"Anena","url":"https:\/\/www.anena.cz","potentialAction":{"@type":"SearchAction","target":"https:\/\/www.anena.cz\/?s={search_term_string}","query-input":"required name=search_term_string"}}]