[{"@context":"https:\/\/schema.org\/","@type":"Blog","@id":"https:\/\/www.anena.cz#Blog","headline":"Anena","description":"\nFantastick\u00e9 zpr\u00e1vy, kter\u00e9 v\u00e1m nab\u00edz\u00ed mo\u017enost dozv\u011bd\u011bt se novinky z cel\u00e9ho sv\u011bta. Kultura. Sport. Filmy. A mnoho dal\u0161\u00edho na v\u00e1s \u010dek\u00e1 v nov\u00e9m internetov\u00e9m magaz\u00ednu, kde najdete i rubriky s tipy a n\u00e1pady.","url":"https:\/\/www.anena.cz","hasPart":[{"@type":"Article","@id":"https:\/\/www.anena.cz\/nechte-si-vycistit-automobil\/","headline":"Nechte si vy\u010distit automobil","url":"https:\/\/www.anena.cz\/nechte-si-vycistit-automobil\/","datePublished":"2025-03-03","dateModified":"2023-04-26","mainEntityOfPage":"https:\/\/www.anena.cz\/nechte-si-vycistit-automobil\/","author":{"@type":"Person","@id":"https:\/\/www.anena.cz\/author\/#Person","name":"anena.cz\n","url":"https:\/\/www.anena.cz\/author\/","identifier":1,"image":{"@type":"ImageObject","@id":"https:\/\/secure.gravatar.com\/avatar\/93869824c8aa580f0d16049ad31e69846ffc925e0cbb2826cc9554f53943da69?s=96&d=mm&r=g","url":"https:\/\/secure.gravatar.com\/avatar\/93869824c8aa580f0d16049ad31e69846ffc925e0cbb2826cc9554f53943da69?s=96&d=mm&r=g","height":96,"width":96}},"publisher":{"@type":"Organization","name":"anena.cz","logo":{"@type":"ImageObject","@id":"\/logo.png","url":"\/logo.png","width":600,"height":60}},"image":{"@type":"ImageObject","@id":"https:\/\/www.anena.cz\/wp-content\/uploads\/img_a307693_w1962_t1518952782.jpg","url":"https:\/\/www.anena.cz\/wp-content\/uploads\/img_a307693_w1962_t1518952782.jpg","height":0,"width":0},"wordCount":494,"keywords":null},{"@type":"Article","@id":"https:\/\/www.anena.cz\/vsechno-hned\/","headline":"V\u0161echno hned","url":"https:\/\/www.anena.cz\/vsechno-hned\/","datePublished":"2025-03-03","dateModified":"2023-04-26","mainEntityOfPage":"https:\/\/www.anena.cz\/vsechno-hned\/","author":{"@type":"Person","@id":"https:\/\/www.anena.cz\/author\/#Person","name":"anena.cz\n","url":"https:\/\/www.anena.cz\/author\/","identifier":1,"image":{"@type":"ImageObject","@id":"https:\/\/secure.gravatar.com\/avatar\/93869824c8aa580f0d16049ad31e69846ffc925e0cbb2826cc9554f53943da69?s=96&d=mm&r=g","url":"https:\/\/secure.gravatar.com\/avatar\/93869824c8aa580f0d16049ad31e69846ffc925e0cbb2826cc9554f53943da69?s=96&d=mm&r=g","height":96,"width":96}},"publisher":{"@type":"Organization","name":"anena.cz","logo":{"@type":"ImageObject","@id":"\/logo.png","url":"\/logo.png","width":600,"height":60}},"image":{"@type":"ImageObject","@id":"https:\/\/www.anena.cz\/wp-content\/uploads\/img_a316506_w1962_t1527449263.jpg","url":"https:\/\/www.anena.cz\/wp-content\/uploads\/img_a316506_w1962_t1527449263.jpg","height":0,"width":0},"wordCount":548,"keywords":null},{"@type":"Article","@id":"https:\/\/www.anena.cz\/5-uzitecnych-pomocniku-v-kuchyni\/","headline":"5 u\u017eite\u010dn\u00fdch pomocn\u00edk\u016f v kuchyni","url":"https:\/\/www.anena.cz\/5-uzitecnych-pomocniku-v-kuchyni\/","datePublished":"2025-03-02","dateModified":"2023-04-26","mainEntityOfPage":"https:\/\/www.anena.cz\/5-uzitecnych-pomocniku-v-kuchyni\/","author":{"@type":"Person","@id":"https:\/\/www.anena.cz\/author\/#Person","name":"anena.cz\n","url":"https:\/\/www.anena.cz\/author\/","identifier":1,"image":{"@type":"ImageObject","@id":"https:\/\/secure.gravatar.com\/avatar\/93869824c8aa580f0d16049ad31e69846ffc925e0cbb2826cc9554f53943da69?s=96&d=mm&r=g","url":"https:\/\/secure.gravatar.com\/avatar\/93869824c8aa580f0d16049ad31e69846ffc925e0cbb2826cc9554f53943da69?s=96&d=mm&r=g","height":96,"width":96}},"publisher":{"@type":"Organization","name":"anena.cz","logo":{"@type":"ImageObject","@id":"\/logo.png","url":"\/logo.png","width":600,"height":60}},"image":{"@type":"ImageObject","@id":"https:\/\/www.anena.cz\/wp-content\/uploads\/img_a294391_w1962_t1506353198.jpg","url":"https:\/\/www.anena.cz\/wp-content\/uploads\/img_a294391_w1962_t1506353198.jpg","height":0,"width":0},"wordCount":584,"keywords":null},{"@type":"Article","@id":"https:\/\/www.anena.cz\/na-cem-si-muzete-vypestovat-zavislost\/","headline":"NA \u010cEM SI M\u016e\u017dETE VYP\u011aSTOVAT Z\u00c1VISLOST?","url":"https:\/\/www.anena.cz\/na-cem-si-muzete-vypestovat-zavislost\/","datePublished":"2025-03-02","dateModified":"2023-04-26","mainEntityOfPage":"https:\/\/www.anena.cz\/na-cem-si-muzete-vypestovat-zavislost\/","author":{"@type":"Person","@id":"https:\/\/www.anena.cz\/author\/#Person","name":"anena.cz\n","url":"https:\/\/www.anena.cz\/author\/","identifier":1,"image":{"@type":"ImageObject","@id":"https:\/\/secure.gravatar.com\/avatar\/93869824c8aa580f0d16049ad31e69846ffc925e0cbb2826cc9554f53943da69?s=96&d=mm&r=g","url":"https:\/\/secure.gravatar.com\/avatar\/93869824c8aa580f0d16049ad31e69846ffc925e0cbb2826cc9554f53943da69?s=96&d=mm&r=g","height":96,"width":96}},"publisher":{"@type":"Organization","name":"anena.cz","logo":{"@type":"ImageObject","@id":"\/logo.png","url":"\/logo.png","width":600,"height":60}},"image":{"@type":"ImageObject","@id":"https:\/\/www.anena.cz\/wp-content\/uploads\/img_a294871_w1962_t1506610083.jpg","url":"https:\/\/www.anena.cz\/wp-content\/uploads\/img_a294871_w1962_t1506610083.jpg","height":0,"width":0},"wordCount":581,"keywords":null},{"@type":"Article","@id":"https:\/\/www.anena.cz\/jak-zmenit-svuj-zivotni-styl\/","headline":"Jak zm\u011bnit sv\u016fj \u017eivotn\u00ed styl","url":"https:\/\/www.anena.cz\/jak-zmenit-svuj-zivotni-styl\/","datePublished":"2025-03-02","dateModified":"2023-04-26","mainEntityOfPage":"https:\/\/www.anena.cz\/jak-zmenit-svuj-zivotni-styl\/","author":{"@type":"Person","@id":"https:\/\/www.anena.cz\/author\/#Person","name":"anena.cz\n","url":"https:\/\/www.anena.cz\/author\/","identifier":1,"image":{"@type":"ImageObject","@id":"https:\/\/secure.gravatar.com\/avatar\/93869824c8aa580f0d16049ad31e69846ffc925e0cbb2826cc9554f53943da69?s=96&d=mm&r=g","url":"https:\/\/secure.gravatar.com\/avatar\/93869824c8aa580f0d16049ad31e69846ffc925e0cbb2826cc9554f53943da69?s=96&d=mm&r=g","height":96,"width":96}},"publisher":{"@type":"Organization","name":"anena.cz","logo":{"@type":"ImageObject","@id":"\/logo.png","url":"\/logo.png","width":600,"height":60}},"image":{"@type":"ImageObject","@id":"https:\/\/www.anena.cz\/wp-content\/uploads\/img_a312219_w1962_t1523261417.jpg","url":"https:\/\/www.anena.cz\/wp-content\/uploads\/img_a312219_w1962_t1523261417.jpg","height":0,"width":0},"wordCount":618,"keywords":null},{"@type":"Article","@id":"https:\/\/www.anena.cz\/matrace-a-jejich-typy\/","headline":"Matrace a jejich typy","url":"https:\/\/www.anena.cz\/matrace-a-jejich-typy\/","datePublished":"2025-03-02","dateModified":"2023-04-26","mainEntityOfPage":"https:\/\/www.anena.cz\/matrace-a-jejich-typy\/","author":{"@type":"Person","@id":"https:\/\/www.anena.cz\/author\/#Person","name":"anena.cz\n","url":"https:\/\/www.anena.cz\/author\/","identifier":1,"image":{"@type":"ImageObject","@id":"https:\/\/secure.gravatar.com\/avatar\/93869824c8aa580f0d16049ad31e69846ffc925e0cbb2826cc9554f53943da69?s=96&d=mm&r=g","url":"https:\/\/secure.gravatar.com\/avatar\/93869824c8aa580f0d16049ad31e69846ffc925e0cbb2826cc9554f53943da69?s=96&d=mm&r=g","height":96,"width":96}},"publisher":{"@type":"Organization","name":"anena.cz","logo":{"@type":"ImageObject","@id":"\/logo.png","url":"\/logo.png","width":600,"height":60}},"image":{"@type":"ImageObject","@id":"https:\/\/www.anena.cz\/wp-content\/uploads\/img_a296119_w1962_t1507360507.jpg","url":"https:\/\/www.anena.cz\/wp-content\/uploads\/img_a296119_w1962_t1507360507.jpg","height":0,"width":0},"wordCount":527,"keywords":null},{"@type":"Article","@id":"https:\/\/www.anena.cz\/prodavejte-produkt-velmi-oblibeny\/","headline":"Prod\u00e1vejte produkt velmi obl\u00edben\u00fd","url":"https:\/\/www.anena.cz\/prodavejte-produkt-velmi-oblibeny\/","datePublished":"2025-03-02","dateModified":"2025-03-02","mainEntityOfPage":"https:\/\/www.anena.cz\/prodavejte-produkt-velmi-oblibeny\/","author":{"@type":"Person","@id":"https:\/\/www.anena.cz\/author\/#Person","name":"anena.cz\n","url":"https:\/\/www.anena.cz\/author\/","identifier":1,"image":{"@type":"ImageObject","@id":"https:\/\/secure.gravatar.com\/avatar\/93869824c8aa580f0d16049ad31e69846ffc925e0cbb2826cc9554f53943da69?s=96&d=mm&r=g","url":"https:\/\/secure.gravatar.com\/avatar\/93869824c8aa580f0d16049ad31e69846ffc925e0cbb2826cc9554f53943da69?s=96&d=mm&r=g","height":96,"width":96}},"publisher":{"@type":"Organization","name":"anena.cz","logo":{"@type":"ImageObject","@id":"\/logo.png","url":"\/logo.png","width":600,"height":60}},"image":null,"wordCount":256,"keywords":null},{"@type":"Article","@id":"https:\/\/www.anena.cz\/jak-zabezpecit-bazen-na-konci-sezony-nebo-v-dobe-kdy-je-mimo-provoz\/","headline":"Jak zabezpe\u010dit baz\u00e9n na konci sez\u00f3ny nebo v dob\u011b, kdy je mimo provoz?","url":"https:\/\/www.anena.cz\/jak-zabezpecit-bazen-na-konci-sezony-nebo-v-dobe-kdy-je-mimo-provoz\/","datePublished":"2025-03-01","dateModified":"2023-04-26","mainEntityOfPage":"https:\/\/www.anena.cz\/jak-zabezpecit-bazen-na-konci-sezony-nebo-v-dobe-kdy-je-mimo-provoz\/","author":{"@type":"Person","@id":"https:\/\/www.anena.cz\/author\/#Person","name":"anena.cz\n","url":"https:\/\/www.anena.cz\/author\/","identifier":1,"image":{"@type":"ImageObject","@id":"https:\/\/secure.gravatar.com\/avatar\/93869824c8aa580f0d16049ad31e69846ffc925e0cbb2826cc9554f53943da69?s=96&d=mm&r=g","url":"https:\/\/secure.gravatar.com\/avatar\/93869824c8aa580f0d16049ad31e69846ffc925e0cbb2826cc9554f53943da69?s=96&d=mm&r=g","height":96,"width":96}},"publisher":{"@type":"Organization","name":"anena.cz","logo":{"@type":"ImageObject","@id":"\/logo.png","url":"\/logo.png","width":600,"height":60}},"image":{"@type":"ImageObject","@id":"https:\/\/www.anena.cz\/wp-content\/uploads\/img_a305915_w1962_t1517302177.jpg","url":"https:\/\/www.anena.cz\/wp-content\/uploads\/img_a305915_w1962_t1517302177.jpg","height":0,"width":0},"wordCount":588,"keywords":null},{"@type":"Article","@id":"https:\/\/www.anena.cz\/nejoblibenejsi-zenske-garderoby\/","headline":"Nejobl\u00edben\u011bj\u0161\u00ed \u017eensk\u00e9 garder\u00f3by","url":"https:\/\/www.anena.cz\/nejoblibenejsi-zenske-garderoby\/","datePublished":"2025-03-01","dateModified":"2023-04-26","mainEntityOfPage":"https:\/\/www.anena.cz\/nejoblibenejsi-zenske-garderoby\/","author":{"@type":"Person","@id":"https:\/\/www.anena.cz\/author\/#Person","name":"anena.cz\n","url":"https:\/\/www.anena.cz\/author\/","identifier":1,"image":{"@type":"ImageObject","@id":"https:\/\/secure.gravatar.com\/avatar\/93869824c8aa580f0d16049ad31e69846ffc925e0cbb2826cc9554f53943da69?s=96&d=mm&r=g","url":"https:\/\/secure.gravatar.com\/avatar\/93869824c8aa580f0d16049ad31e69846ffc925e0cbb2826cc9554f53943da69?s=96&d=mm&r=g","height":96,"width":96}},"publisher":{"@type":"Organization","name":"anena.cz","logo":{"@type":"ImageObject","@id":"\/logo.png","url":"\/logo.png","width":600,"height":60}},"image":{"@type":"ImageObject","@id":"https:\/\/www.anena.cz\/wp-content\/uploads\/img_a341191_w1962_t1553948071.jpg","url":"https:\/\/www.anena.cz\/wp-content\/uploads\/img_a341191_w1962_t1553948071.jpg","height":0,"width":0},"wordCount":553,"keywords":null},{"@type":"Article","@id":"https:\/\/www.anena.cz\/vybirame-novou-pracku\/","headline":"Vyb\u00edr\u00e1me novou pra\u010dku","url":"https:\/\/www.anena.cz\/vybirame-novou-pracku\/","datePublished":"2025-03-01","dateModified":"2023-04-26","mainEntityOfPage":"https:\/\/www.anena.cz\/vybirame-novou-pracku\/","author":{"@type":"Person","@id":"https:\/\/www.anena.cz\/author\/#Person","name":"anena.cz\n","url":"https:\/\/www.anena.cz\/author\/","identifier":1,"image":{"@type":"ImageObject","@id":"https:\/\/secure.gravatar.com\/avatar\/93869824c8aa580f0d16049ad31e69846ffc925e0cbb2826cc9554f53943da69?s=96&d=mm&r=g","url":"https:\/\/secure.gravatar.com\/avatar\/93869824c8aa580f0d16049ad31e69846ffc925e0cbb2826cc9554f53943da69?s=96&d=mm&r=g","height":96,"width":96}},"publisher":{"@type":"Organization","name":"anena.cz","logo":{"@type":"ImageObject","@id":"\/logo.png","url":"\/logo.png","width":600,"height":60}},"image":{"@type":"ImageObject","@id":"https:\/\/www.anena.cz\/wp-content\/uploads\/img_a327130_w1962_t1539421643.jpg","url":"https:\/\/www.anena.cz\/wp-content\/uploads\/img_a327130_w1962_t1539421643.jpg","height":0,"width":0},"wordCount":588,"keywords":null}]},{"@context":"https:\/\/schema.org","@type":"WebSite","@id":"https:\/\/www.anena.cz\/#website","name":"Anena","url":"https:\/\/www.anena.cz","potentialAction":{"@type":"SearchAction","target":"https:\/\/www.anena.cz\/?s={search_term_string}","query-input":"required name=search_term_string"}}]