[{"@context":"https:\/\/schema.org\/","@type":"Blog","@id":"https:\/\/www.anena.cz#Blog","headline":"Anena","description":"\nFantastick\u00e9 zpr\u00e1vy, kter\u00e9 v\u00e1m nab\u00edz\u00ed mo\u017enost dozv\u011bd\u011bt se novinky z cel\u00e9ho sv\u011bta. Kultura. Sport. Filmy. A mnoho dal\u0161\u00edho na v\u00e1s \u010dek\u00e1 v nov\u00e9m internetov\u00e9m magaz\u00ednu, kde najdete i rubriky s tipy a n\u00e1pady.","url":"https:\/\/www.anena.cz","hasPart":[{"@type":"Article","@id":"https:\/\/www.anena.cz\/teplota-vody-v-bazenu-je-zakladni-ukazatel\/","headline":"Teplota vody v baz\u00e9nu je z\u00e1kladn\u00ed ukazatel","url":"https:\/\/www.anena.cz\/teplota-vody-v-bazenu-je-zakladni-ukazatel\/","datePublished":"2024-05-19","dateModified":"2024-05-19","mainEntityOfPage":"https:\/\/www.anena.cz\/teplota-vody-v-bazenu-je-zakladni-ukazatel\/","author":{"@type":"Person","@id":"https:\/\/www.anena.cz\/author\/#Person","name":"anena.cz\n","url":"https:\/\/www.anena.cz\/author\/","identifier":1,"image":{"@type":"ImageObject","@id":"https:\/\/secure.gravatar.com\/avatar\/93869824c8aa580f0d16049ad31e69846ffc925e0cbb2826cc9554f53943da69?s=96&d=mm&r=g","url":"https:\/\/secure.gravatar.com\/avatar\/93869824c8aa580f0d16049ad31e69846ffc925e0cbb2826cc9554f53943da69?s=96&d=mm&r=g","height":96,"width":96}},"publisher":{"@type":"Organization","name":"anena.cz","logo":{"@type":"ImageObject","@id":"\/logo.png","url":"\/logo.png","width":600,"height":60}},"image":{"@type":"ImageObject","@id":"https:\/\/www.anena.cz\/wp-content\/uploads\/swimming-pool-504780_640_1.jpg","url":"https:\/\/www.anena.cz\/wp-content\/uploads\/swimming-pool-504780_640_1.jpg","height":0,"width":0},"wordCount":540,"keywords":null},{"@type":"Article","@id":"https:\/\/www.anena.cz\/je-pro-bezneho-cloveka-vhodne-auto-se-silnym-motorem\/","headline":"Je pro b\u011b\u017en\u00e9ho \u010dlov\u011bka vhodn\u00e9 auto se siln\u00fdm motorem?","url":"https:\/\/www.anena.cz\/je-pro-bezneho-cloveka-vhodne-auto-se-silnym-motorem\/","datePublished":"2024-04-27","dateModified":"2024-04-27","mainEntityOfPage":"https:\/\/www.anena.cz\/je-pro-bezneho-cloveka-vhodne-auto-se-silnym-motorem\/","author":{"@type":"Person","@id":"https:\/\/www.anena.cz\/author\/#Person","name":"anena.cz\n","url":"https:\/\/www.anena.cz\/author\/","identifier":1,"image":{"@type":"ImageObject","@id":"https:\/\/secure.gravatar.com\/avatar\/93869824c8aa580f0d16049ad31e69846ffc925e0cbb2826cc9554f53943da69?s=96&d=mm&r=g","url":"https:\/\/secure.gravatar.com\/avatar\/93869824c8aa580f0d16049ad31e69846ffc925e0cbb2826cc9554f53943da69?s=96&d=mm&r=g","height":96,"width":96}},"publisher":{"@type":"Organization","name":"anena.cz","logo":{"@type":"ImageObject","@id":"\/logo.png","url":"\/logo.png","width":600,"height":60}},"image":{"@type":"ImageObject","@id":"https:\/\/www.anena.cz\/wp-content\/uploads\/auto19_10_10.png","url":"https:\/\/www.anena.cz\/wp-content\/uploads\/auto19_10_10.png","height":0,"width":0},"wordCount":561,"keywords":null},{"@type":"Article","@id":"https:\/\/www.anena.cz\/diky-vasi-reci-tela-toho-o-sobe-muzete-vypovedet-vice-nez-si-myslite\/","headline":"D\u00edky va\u0161i \u0159e\u010di t\u011bla, toho o sob\u011b m\u016f\u017eete vypov\u011bd\u011bt v\u00edce, ne\u017e si mysl\u00edte","url":"https:\/\/www.anena.cz\/diky-vasi-reci-tela-toho-o-sobe-muzete-vypovedet-vice-nez-si-myslite\/","datePublished":"2024-04-27","dateModified":"2024-04-27","mainEntityOfPage":"https:\/\/www.anena.cz\/diky-vasi-reci-tela-toho-o-sobe-muzete-vypovedet-vice-nez-si-myslite\/","author":{"@type":"Person","@id":"https:\/\/www.anena.cz\/author\/#Person","name":"anena.cz\n","url":"https:\/\/www.anena.cz\/author\/","identifier":1,"image":{"@type":"ImageObject","@id":"https:\/\/secure.gravatar.com\/avatar\/93869824c8aa580f0d16049ad31e69846ffc925e0cbb2826cc9554f53943da69?s=96&d=mm&r=g","url":"https:\/\/secure.gravatar.com\/avatar\/93869824c8aa580f0d16049ad31e69846ffc925e0cbb2826cc9554f53943da69?s=96&d=mm&r=g","height":96,"width":96}},"publisher":{"@type":"Organization","name":"anena.cz","logo":{"@type":"ImageObject","@id":"\/logo.png","url":"\/logo.png","width":600,"height":60}},"image":null,"wordCount":265,"keywords":null},{"@type":"Article","@id":"https:\/\/www.anena.cz\/ten-nejvetsi-e-shop-s-nabidkou-luxusni-obuvi-a-doplnku-je-tu-pro-kazdeho\/","headline":"Ten nejv\u011bt\u0161\u00ed e- shop s nab\u00eddkou luxusn\u00ed obuvi a dopl\u0148k\u016f je tu pro ka\u017ed\u00e9ho","url":"https:\/\/www.anena.cz\/ten-nejvetsi-e-shop-s-nabidkou-luxusni-obuvi-a-doplnku-je-tu-pro-kazdeho\/","datePublished":"2024-04-23","dateModified":"2024-04-23","mainEntityOfPage":"https:\/\/www.anena.cz\/ten-nejvetsi-e-shop-s-nabidkou-luxusni-obuvi-a-doplnku-je-tu-pro-kazdeho\/","author":{"@type":"Person","@id":"https:\/\/www.anena.cz\/author\/#Person","name":"anena.cz\n","url":"https:\/\/www.anena.cz\/author\/","identifier":1,"image":{"@type":"ImageObject","@id":"https:\/\/secure.gravatar.com\/avatar\/93869824c8aa580f0d16049ad31e69846ffc925e0cbb2826cc9554f53943da69?s=96&d=mm&r=g","url":"https:\/\/secure.gravatar.com\/avatar\/93869824c8aa580f0d16049ad31e69846ffc925e0cbb2826cc9554f53943da69?s=96&d=mm&r=g","height":96,"width":96}},"publisher":{"@type":"Organization","name":"anena.cz","logo":{"@type":"ImageObject","@id":"\/logo.png","url":"\/logo.png","width":600,"height":60}},"image":null,"wordCount":259,"keywords":null},{"@type":"Article","@id":"https:\/\/www.anena.cz\/kvalitni-bily-caj-si-jiste-oblibite\/","headline":"Kvalitn\u00ed b\u00edl\u00fd \u010daj si jist\u011b obl\u00edb\u00edte","url":"https:\/\/www.anena.cz\/kvalitni-bily-caj-si-jiste-oblibite\/","datePublished":"2024-04-10","dateModified":"2024-04-10","mainEntityOfPage":"https:\/\/www.anena.cz\/kvalitni-bily-caj-si-jiste-oblibite\/","author":{"@type":"Person","@id":"https:\/\/www.anena.cz\/author\/#Person","name":"anena.cz\n","url":"https:\/\/www.anena.cz\/author\/","identifier":1,"image":{"@type":"ImageObject","@id":"https:\/\/secure.gravatar.com\/avatar\/93869824c8aa580f0d16049ad31e69846ffc925e0cbb2826cc9554f53943da69?s=96&d=mm&r=g","url":"https:\/\/secure.gravatar.com\/avatar\/93869824c8aa580f0d16049ad31e69846ffc925e0cbb2826cc9554f53943da69?s=96&d=mm&r=g","height":96,"width":96}},"publisher":{"@type":"Organization","name":"anena.cz","logo":{"@type":"ImageObject","@id":"\/logo.png","url":"\/logo.png","width":600,"height":60}},"image":null,"wordCount":261,"keywords":null},{"@type":"Article","@id":"https:\/\/www.anena.cz\/vase-laska-bude-odhalena\/","headline":"Va\u0161e l\u00e1ska bude odhalena","url":"https:\/\/www.anena.cz\/vase-laska-bude-odhalena\/","datePublished":"2024-04-06","dateModified":"2024-04-06","mainEntityOfPage":"https:\/\/www.anena.cz\/vase-laska-bude-odhalena\/","author":{"@type":"Person","@id":"https:\/\/www.anena.cz\/author\/#Person","name":"anena.cz\n","url":"https:\/\/www.anena.cz\/author\/","identifier":1,"image":{"@type":"ImageObject","@id":"https:\/\/secure.gravatar.com\/avatar\/93869824c8aa580f0d16049ad31e69846ffc925e0cbb2826cc9554f53943da69?s=96&d=mm&r=g","url":"https:\/\/secure.gravatar.com\/avatar\/93869824c8aa580f0d16049ad31e69846ffc925e0cbb2826cc9554f53943da69?s=96&d=mm&r=g","height":96,"width":96}},"publisher":{"@type":"Organization","name":"anena.cz","logo":{"@type":"ImageObject","@id":"\/logo.png","url":"\/logo.png","width":600,"height":60}},"image":null,"wordCount":288,"keywords":null},{"@type":"Article","@id":"https:\/\/www.anena.cz\/nechte-si-opravit-automobil-rychle-a-bez-zbytecnych-starosti\/","headline":"Nechte si opravit automobil rychle a bez zbyte\u010dn\u00fdch starost\u00ed","url":"https:\/\/www.anena.cz\/nechte-si-opravit-automobil-rychle-a-bez-zbytecnych-starosti\/","datePublished":"2024-03-28","dateModified":"2024-03-28","mainEntityOfPage":"https:\/\/www.anena.cz\/nechte-si-opravit-automobil-rychle-a-bez-zbytecnych-starosti\/","author":{"@type":"Person","@id":"https:\/\/www.anena.cz\/author\/#Person","name":"anena.cz\n","url":"https:\/\/www.anena.cz\/author\/","identifier":1,"image":{"@type":"ImageObject","@id":"https:\/\/secure.gravatar.com\/avatar\/93869824c8aa580f0d16049ad31e69846ffc925e0cbb2826cc9554f53943da69?s=96&d=mm&r=g","url":"https:\/\/secure.gravatar.com\/avatar\/93869824c8aa580f0d16049ad31e69846ffc925e0cbb2826cc9554f53943da69?s=96&d=mm&r=g","height":96,"width":96}},"publisher":{"@type":"Organization","name":"anena.cz","logo":{"@type":"ImageObject","@id":"\/logo.png","url":"\/logo.png","width":600,"height":60}},"image":null,"wordCount":304,"keywords":null},{"@type":"Article","@id":"https:\/\/www.anena.cz\/ponorte-se-v-infrasaune-do-rytmu-vasi-oblibene-hudby\/","headline":"Pono\u0159te se v infrasaun\u011b do rytm\u016f Va\u0161\u00ed obl\u00edben\u00e9 hudby","url":"https:\/\/www.anena.cz\/ponorte-se-v-infrasaune-do-rytmu-vasi-oblibene-hudby\/","datePublished":"2024-01-19","dateModified":"2024-01-19","mainEntityOfPage":"https:\/\/www.anena.cz\/ponorte-se-v-infrasaune-do-rytmu-vasi-oblibene-hudby\/","author":{"@type":"Person","@id":"https:\/\/www.anena.cz\/author\/#Person","name":"anena.cz\n","url":"https:\/\/www.anena.cz\/author\/","identifier":1,"image":{"@type":"ImageObject","@id":"https:\/\/secure.gravatar.com\/avatar\/93869824c8aa580f0d16049ad31e69846ffc925e0cbb2826cc9554f53943da69?s=96&d=mm&r=g","url":"https:\/\/secure.gravatar.com\/avatar\/93869824c8aa580f0d16049ad31e69846ffc925e0cbb2826cc9554f53943da69?s=96&d=mm&r=g","height":96,"width":96}},"publisher":{"@type":"Organization","name":"anena.cz","logo":{"@type":"ImageObject","@id":"\/logo.png","url":"\/logo.png","width":600,"height":60}},"image":null,"wordCount":271,"keywords":null},{"@type":"Article","@id":"https:\/\/www.anena.cz\/vyhodna-hypoteka-na-bydleni\/","headline":"V\u00fdhodn\u00e1 hypot\u00e9ka na bydlen\u00ed","url":"https:\/\/www.anena.cz\/vyhodna-hypoteka-na-bydleni\/","datePublished":"2023-12-31","dateModified":"2023-12-31","mainEntityOfPage":"https:\/\/www.anena.cz\/vyhodna-hypoteka-na-bydleni\/","author":{"@type":"Person","@id":"https:\/\/www.anena.cz\/author\/#Person","name":"anena.cz\n","url":"https:\/\/www.anena.cz\/author\/","identifier":1,"image":{"@type":"ImageObject","@id":"https:\/\/secure.gravatar.com\/avatar\/93869824c8aa580f0d16049ad31e69846ffc925e0cbb2826cc9554f53943da69?s=96&d=mm&r=g","url":"https:\/\/secure.gravatar.com\/avatar\/93869824c8aa580f0d16049ad31e69846ffc925e0cbb2826cc9554f53943da69?s=96&d=mm&r=g","height":96,"width":96}},"publisher":{"@type":"Organization","name":"anena.cz","logo":{"@type":"ImageObject","@id":"\/logo.png","url":"\/logo.png","width":600,"height":60}},"image":{"@type":"ImageObject","@id":"https:\/\/www.anena.cz\/wp-content\/uploads\/new-home-construction-4603365_960_720.jpg","url":"https:\/\/www.anena.cz\/wp-content\/uploads\/new-home-construction-4603365_960_720.jpg","height":0,"width":0},"wordCount":569,"keywords":null},{"@type":"Article","@id":"https:\/\/www.anena.cz\/detska-oslava-narozenin-na-miru-malemu-jubilantovi\/","headline":"D\u011btsk\u00e1 oslava narozenin na m\u00edru mal\u00e9mu jubilantovi","url":"https:\/\/www.anena.cz\/detska-oslava-narozenin-na-miru-malemu-jubilantovi\/","datePublished":"2023-12-11","dateModified":"2023-12-11","mainEntityOfPage":"https:\/\/www.anena.cz\/detska-oslava-narozenin-na-miru-malemu-jubilantovi\/","author":{"@type":"Person","@id":"https:\/\/www.anena.cz\/author\/#Person","name":"anena.cz\n","url":"https:\/\/www.anena.cz\/author\/","identifier":1,"image":{"@type":"ImageObject","@id":"https:\/\/secure.gravatar.com\/avatar\/93869824c8aa580f0d16049ad31e69846ffc925e0cbb2826cc9554f53943da69?s=96&d=mm&r=g","url":"https:\/\/secure.gravatar.com\/avatar\/93869824c8aa580f0d16049ad31e69846ffc925e0cbb2826cc9554f53943da69?s=96&d=mm&r=g","height":96,"width":96}},"publisher":{"@type":"Organization","name":"anena.cz","logo":{"@type":"ImageObject","@id":"\/logo.png","url":"\/logo.png","width":600,"height":60}},"image":null,"wordCount":309,"keywords":null}]},{"@context":"https:\/\/schema.org","@type":"WebSite","@id":"https:\/\/www.anena.cz\/#website","name":"Anena","url":"https:\/\/www.anena.cz","potentialAction":{"@type":"SearchAction","target":"https:\/\/www.anena.cz\/?s={search_term_string}","query-input":"required name=search_term_string"}}]