[{"@context":"https:\/\/schema.org\/","@type":"Article","@id":"https:\/\/www.anena.cz\/prace-a-odpocinek\/#Article","mainEntityOfPage":"https:\/\/www.anena.cz\/prace-a-odpocinek\/","headline":"Pr\u00e1ce a odpo\u010dinek","name":"Pr\u00e1ce a odpo\u010dinek","description":"Jako n\u00e1vrh\u00e1\u0159ka bi\u017euterie, kter\u00e1 je do sv\u00e9 pr\u00e1ce n\u011bkdy natolik pono\u0159ena, \u017ee zapom\u00edn\u00e1 na okoln\u00ed sv\u011bt, ocen\u00edm voln\u00e9 ve\u010dery, kdy &hellip; <a class=\"more-link\" href=\"https:\/\/www.anena.cz\/prace-a-odpocinek\/\">More<\/a>","datePublished":"2025-02-16","dateModified":"2025-02-16","author":{"@type":"Person","@id":"https:\/\/www.anena.cz\/author\/#Person","name":"anena.cz\n","url":"https:\/\/www.anena.cz\/author\/","identifier":1,"image":{"@type":"ImageObject","@id":"https:\/\/secure.gravatar.com\/avatar\/93869824c8aa580f0d16049ad31e69846ffc925e0cbb2826cc9554f53943da69?s=96&d=mm&r=g","url":"https:\/\/secure.gravatar.com\/avatar\/93869824c8aa580f0d16049ad31e69846ffc925e0cbb2826cc9554f53943da69?s=96&d=mm&r=g","height":96,"width":96}},"publisher":{"@type":"Organization","name":"anena.cz","logo":{"@type":"ImageObject","@id":"\/logo.png","url":"\/logo.png","width":600,"height":60}},"url":"https:\/\/www.anena.cz\/prace-a-odpocinek\/","wordCount":203,"articleBody":"Jako n\u00e1vrh\u00e1\u0159ka bi\u017euterie, kter\u00e1 je do sv\u00e9 pr\u00e1ce n\u011bkdy natolik pono\u0159ena, \u017ee zapom\u00edn\u00e1 na okoln\u00ed sv\u011bt, ocen\u00edm voln\u00e9 ve\u010dery, kdy si s man\u017eelem d\u00e1me ve\u010de\u0159i p\u0159i sv\u00ed\u010dk\u00e1ch a otev\u0159eme l\u00e1hev dobr\u00e9ho v\u00edna. Pop\u00edj\u00edme, pov\u00edd\u00e1me u toho a ve\u010der se milujeme. Pr\u00e1v\u011b takov\u00e9 ve\u010dery jsou ide\u00e1ln\u00ed formou relaxace. P\u0159ed n\u011bjakou dobou v\u0161ak man\u017eel za\u010dal m\u00edt probl\u00e9my s erekc\u00ed, kter\u00e9 jsem zpo\u010d\u00e1tku p\u0159i\u010d\u00edtala \u00fanav\u011b z nov\u00e9ho zam\u011bstn\u00e1n\u00ed. Probl\u00e9my tu v\u0161ak byly i po n\u011bjak\u00e9 dob\u011b a man\u017eela to postupn\u011b za\u010dalo velice tr\u00e1pit. Rychl\u00e9 \u0159e\u0161en\u00ed Nalezli jsme ide\u00e1ln\u00ed \u0159e\u0161en\u00ed. Byly j\u00edm tabletky a gel z p\u0159\u00edrodn\u00edch materi\u00e1l\u016f. Jejich \u00fa\u010dinek byl okam\u017eit\u00fd a vedlej\u0161\u00ed p\u0159\u00edznaky \u017e\u00e1dn\u00e9. Nyn\u00ed m\u00e1m op\u011bt sv\u00e9 obvykl\u00e9 odpo\u010dinkov\u00e9 ve\u010dery a man\u017eel je sam\u00fd \u00fasm\u011bv. Spokojen se sou\u010dasnou situac\u00ed je r\u00e1d, \u017ee jsou d\u011bti moment\u00e1ln\u011b na kolej\u00edch a m\u00e1me d\u016fm pro sebe.                                                                                                                                                                                                                                                                                                                                                                                        5\/5 - (1 vote)        "},{"@context":"https:\/\/schema.org\/","@type":"BreadcrumbList","itemListElement":[{"@type":"ListItem","position":1,"name":"Pr\u00e1ce a odpo\u010dinek","item":"https:\/\/www.anena.cz\/prace-a-odpocinek\/#breadcrumbitem"}]}]