[{"@context":"https:\/\/schema.org\/","@type":"Article","@id":"https:\/\/www.anena.cz\/pro-vas-klid\/#Article","mainEntityOfPage":"https:\/\/www.anena.cz\/pro-vas-klid\/","headline":"Pro v\u00e1\u0161 klid","name":"Pro v\u00e1\u0161 klid","description":"Mo\u017en\u00e1 je to va\u0161e maminka, tat\u00ednek, babi\u010dka nebo d\u011bde\u010dek. Nebo se star\u00e1te o n\u011bkoho s posti\u017een\u00edm. Mnoho lid\u00ed se u &hellip; <a class=\"more-link\" href=\"https:\/\/www.anena.cz\/pro-vas-klid\/\">More<\/a>","datePublished":"2025-02-28","dateModified":"2023-04-26","author":{"@type":"Person","@id":"https:\/\/www.anena.cz\/author\/#Person","name":"anena.cz\n","url":"https:\/\/www.anena.cz\/author\/","identifier":1,"image":{"@type":"ImageObject","@id":"https:\/\/secure.gravatar.com\/avatar\/93869824c8aa580f0d16049ad31e69846ffc925e0cbb2826cc9554f53943da69?s=96&d=mm&r=g","url":"https:\/\/secure.gravatar.com\/avatar\/93869824c8aa580f0d16049ad31e69846ffc925e0cbb2826cc9554f53943da69?s=96&d=mm&r=g","height":96,"width":96}},"publisher":{"@type":"Organization","name":"anena.cz","logo":{"@type":"ImageObject","@id":"\/logo.png","url":"\/logo.png","width":600,"height":60}},"image":{"@type":"ImageObject","@id":"https:\/\/www.anena.cz\/wp-content\/uploads\/img_a310666_w1962_t1521621870.jpg","url":"https:\/\/www.anena.cz\/wp-content\/uploads\/img_a310666_w1962_t1521621870.jpg","height":0,"width":0},"url":"https:\/\/www.anena.cz\/pro-vas-klid\/","about":["Slu\u017eby"],"wordCount":409,"articleBody":"Mo\u017en\u00e1 je to va\u0161e maminka, tat\u00ednek, babi\u010dka nebo d\u011bde\u010dek. Nebo se star\u00e1te o n\u011bkoho s posti\u017een\u00edm. Mnoho lid\u00ed se u n\u00e1s bez ka\u017edodenn\u00ed asistence neobejde, a v\u011bt\u0161in\u011b z nich tuto slu\u017ebu zaji\u0161\u0165uj\u00ed pr\u00e1v\u011b p\u0159\u00edbuzn\u00ed \u010di zn\u00e1m\u00ed. Obdob\u00ed dovolen\u00fdch je pak jeden velk\u00fd stres. Pokud na my\u0161lenku odpo\u010dinku nerezignuj\u00ed \u00fapln\u011b, \u0159e\u0161\u00ed pe\u010dovatel\u00e9 a asistenti zcela z\u00e1sadn\u00ed ot\u00e1zku: jak zajistit, aby po dobu jejich nep\u0159\u00edtomnosti jejich sv\u011b\u0159enci nic nechyb\u011blo. Pokud jde o drobnou v\u00fdpomoc, je je\u0161t\u011b mo\u017en\u00e9 se v\u011bt\u0161inou domluvit s rodinou nebo kamar\u00e1dy. Hor\u0161\u00ed to je, kdy\u017e doty\u010dn\u00fd pot\u0159ebuje p\u00e9\u010di a dohled dvacet \u010dty\u0159i hodin denn\u011b, sedm dn\u00ed v t\u00fddnu.\u00a0\u00a0I v \u010cesk\u00e9 republice existuj\u00ed takzvan\u00e1 odleh\u010dovac\u00ed za\u0159\u00edzen\u00ed. Jejich \u00fakolem je p\u0159esn\u011b toto: nab\u00eddnout rodin\u00e1m a p\u0159\u00e1tel\u016fm t\u011bch, co pe\u010duj\u00ed o dlouhodob\u011b nemocn\u00e9 \u010di posti\u017een\u00e9, mo\u017enost si na p\u00e1r dn\u00ed vydechnout, odjet na dovolenou \u010di si n\u011bco vy\u0159e\u0161it. Probl\u00e9mem ov\u0161em je, \u017ee podobn\u00fdch za\u0159\u00edzen\u00ed je m\u00e1lo, a zejm\u00e9na p\u0159ed dovolen\u00fdmi b\u00fdvaj\u00ed beznad\u011bjn\u011b pln\u00e1. Nav\u00edc pro n\u011bkter\u00e9 lidi m\u016f\u017ee b\u00fdt i p\u0159esun z jejich vlastn\u00edho domova n\u011bkam jinam velmi stresuj\u00edc\u00ed. Pak p\u0159ich\u00e1zej\u00ed na \u0159adu osobn\u00ed asistenti a asistentky. Ti doch\u00e1zej\u00ed p\u0159\u00edmo ke klientovi dom\u016f, a pom\u00e1haj\u00ed mu, s \u010d\u00edm zrovna pot\u0159ebuje: nakupuj\u00ed, va\u0159\u00ed, ale i d\u00e1vkuj\u00ed l\u00e9ky nebo pom\u00e1haj\u00ed p\u0159i rehabilitaci. Stoj\u00ed ale i stokorunu na hodinu, tak\u017ee celodenn\u00ed asistence pak vyjde skoro na dva a p\u016fl tis\u00edce. Nav\u00edc jich je m\u00e1lo, a ji\u017e nyn\u00ed pracuj\u00ed na sto dvacet procent.Jak tuto situaci zm\u011bnit? P\u0159edev\u0161\u00edm pot\u0159ebujeme v\u00edce lid\u00ed v soci\u00e1ln\u00edch slu\u017eb\u00e1ch. Tato pr\u00e1ce je dnes podhodnocen\u00e1, a p\u0159itom je n\u00e1ro\u010dn\u00e1 \u010dasov\u011b, fyzicky i psychicky.\u00a0 Je tak\u00e9 pot\u0159eba d\u00e1le rozv\u00edjet instituce, kter\u00e9 by lidem se speci\u00e1ln\u00edmi pot\u0159ebami nab\u00eddly mo\u017enost p\u0159echodn\u00e9ho ubytov\u00e1n\u00ed. Proto\u017ee m\u016f\u017eete b\u00fdt klidn\u011b matka Tereza, ale i vy byste m\u011bli m\u00edt mo\u017enost si n\u011bkdy odpo\u010dinout. Zaslou\u017e\u00edte si to.                                                                                                                                                                                                                                                                                                                                                                                        4\/5 - (10 votes)        "},{"@context":"https:\/\/schema.org\/","@type":"BreadcrumbList","itemListElement":[{"@type":"ListItem","position":1,"name":"Pro v\u00e1\u0161 klid","item":"https:\/\/www.anena.cz\/pro-vas-klid\/#breadcrumbitem"}]}]