[{"@context":"https:\/\/schema.org\/","@type":"Article","@id":"https:\/\/www.anena.cz\/skrine-ktere-vhodne-doplni-interier\/#Article","mainEntityOfPage":"https:\/\/www.anena.cz\/skrine-ktere-vhodne-doplni-interier\/","headline":"Sk\u0159\u00edn\u011b, kter\u00e9 vhodn\u011b dopln\u00ed interi\u00e9r","name":"Sk\u0159\u00edn\u011b, kter\u00e9 vhodn\u011b dopln\u00ed interi\u00e9r","description":"V dne\u0161n\u00ed dob\u011b nen\u00ed po\u0159\u00edzen\u00ed bydlen\u00ed levnou z\u00e1le\u017eitost\u00ed, a i z hlediska ekonomick\u00e9ho provozu dom\u00e1cnosti se lid\u00e9 uchyluj\u00ed sp\u00ed\u0161e k &hellip; <a class=\"more-link\" href=\"https:\/\/www.anena.cz\/skrine-ktere-vhodne-doplni-interier\/\">More<\/a>","datePublished":"2020-03-15","dateModified":"2023-04-26","author":{"@type":"Person","@id":"https:\/\/www.anena.cz\/author\/#Person","name":"anena.cz\n","url":"https:\/\/www.anena.cz\/author\/","identifier":1,"image":{"@type":"ImageObject","@id":"https:\/\/secure.gravatar.com\/avatar\/93869824c8aa580f0d16049ad31e69846ffc925e0cbb2826cc9554f53943da69?s=96&d=mm&r=g","url":"https:\/\/secure.gravatar.com\/avatar\/93869824c8aa580f0d16049ad31e69846ffc925e0cbb2826cc9554f53943da69?s=96&d=mm&r=g","height":96,"width":96}},"publisher":{"@type":"Organization","name":"anena.cz","logo":{"@type":"ImageObject","@id":"\/logo.png","url":"\/logo.png","width":600,"height":60}},"image":{"@type":"ImageObject","@id":"https:\/\/www.anena.cz\/wp-content\/uploads\/vestav%C4%9Bn%C3%A1%20knihovna.jpg","url":"https:\/\/www.anena.cz\/wp-content\/uploads\/vestav%C4%9Bn%C3%A1%20knihovna.jpg","height":0,"width":0},"url":"https:\/\/www.anena.cz\/skrine-ktere-vhodne-doplni-interier\/","about":["Slu\u017eby"],"wordCount":461,"articleBody":"         V dne\u0161n\u00ed dob\u011b nen\u00ed po\u0159\u00edzen\u00ed bydlen\u00ed levnou z\u00e1le\u017eitost\u00ed, a i z hlediska ekonomick\u00e9ho provozu dom\u00e1cnosti se lid\u00e9 uchyluj\u00ed sp\u00ed\u0161e k men\u0161\u00edm prostor\u00e1m byt\u016f a dom\u016f. Ty se snadn\u011bji udr\u017euj\u00ed, snadn\u011bji osv\u011btluj\u00ed a vyt\u00e1p\u00ed. Potom vznik\u00e1 n\u00e1ro\u010dn\u00fd \u00fakol, jak se do takov\u00e9 men\u0161\u00ed dom\u00e1cnosti vej\u00edt a p\u0159ehledn\u011b, jednodu\u0161e a stylov\u011b si ulo\u017eit v\u0161e pot\u0159ebn\u00e9 od bot, p\u0159es oble\u010den\u00ed, sportovn\u00ed vybaven\u00ed, technick\u00e9 n\u00e1\u0159ad\u00ed po kuchy\u0148sk\u00e9 spot\u0159ebi\u010de, kter\u00e9 se pou\u017e\u00edvaj\u00ed jen ob\u010das nebo rezervn\u00ed l\u016f\u017ekoviny pro n\u00e1v\u0161t\u011bvy \u010di vybaven\u00ed pro \u00faklidov\u00e9 pr\u00e1ce.Takov\u00fd probl\u00e9m pom\u016f\u017eou vy\u0159e\u0161it vestav\u011bn\u00e9 sk\u0159\u00edn\u011b, kter\u00e9 n\u00e1m z mal\u00e9ho prostoru m\u016f\u017eou vytvo\u0159it geni\u00e1ln\u011b zorganizovanou \u0161atnu u lo\u017enice, po\u0159\u00e1dn\u00fd \u00falo\u017en\u00fd prostor v p\u0159eds\u00edn\u00ed nebo t\u0159eba vyplnit zd\u00e1nliv\u011b nevyu\u017eiteln\u00fd kout pod schodi\u0161t\u011bm, kde se jen muselo ukl\u00edzet a nebylo pro takov\u00e9 m\u00edsto \u017e\u00e1dn\u00e9 jin\u00e9 vyu\u017eit\u00ed, kter\u00e9 by nep\u016fsobilo jako hromada odlo\u017een\u00fdch v\u011bc\u00ed.N\u00e1pad na takov\u00e9 vyu\u017eit\u00ed prostor nen\u00ed ni\u010d\u00edm nov\u00fdm, a i ve star\u00fdch historick\u00fdch stavb\u00e1ch se nach\u00e1z\u00ed r\u016fzn\u00e9 prostorn\u00e9 v\u00fdklenky, kter\u00e9 vznikaly ji\u017e p\u0159i stavb\u011b a potom byly oblo\u017een\u00e9 d\u0159evem, zapln\u011bn\u00e9 policemi a opat\u0159eny z\u00e1v\u011bsem nebo dv\u00ed\u0159ky. V na\u0161\u00ed dob\u011b se tento prvotn\u00ed n\u00e1pad jenom p\u0159ivedl k dokonalosti a z vestav\u011bn\u00fdch sk\u0159\u00edn\u00ed se d\u00edky modern\u00edmu materi\u00e1lu a mo\u017enostem povrchov\u00fdch \u00faprav takov\u00e9ho materi\u00e1lu stala krom\u011b praktick\u00e9, tak\u00e9 designov\u00e1 z\u00e1le\u017eitost. Vestav\u011bn\u00e9 sk\u0159\u00edn\u011b tak mohou nab\u00eddnout mnohem v\u00edce ne\u017e prostory k uskladn\u011bn\u00ed v\u011bc\u00ed, ale st\u00e1vaj\u00ed se nep\u0159ehl\u00e9dnuteln\u00fdm a origin\u00e1ln\u00edm prvkem dom\u00e1cnosti.Z\u00e1kladn\u00edm stavebn\u00edm materi\u00e1lem je lamino, a to si lze zvolit v d\u0159ev\u011bn\u00e9m dekoru nebo v r\u016fzn\u00fdch barv\u00e1ch, podle p\u0159\u00e1n\u00ed z\u00e1kazn\u00edka. D\u00e1le se velice dob\u0159e pracuje s ratanem a bambusem pro v\u00fdpl\u0148 posuvn\u00fdch a skl\u00e1dac\u00edch dve\u0159\u00ed a velice obl\u00edben\u00e9 je i sklo. Do sk\u0159\u00edn\u00ed se daj\u00ed p\u0159\u00edmo u v\u00fdrobce rovn\u011b\u017e obstarat dopl\u0148ky jako jsou zrcadla nebo r\u016fzn\u00e9 v\u011b\u0161\u00e1ky, vysouvac\u00ed z\u00e1suvky a police z dr\u00e1t\u011bn\u00e9ho programu.Pro klienty hledaj\u00edc\u00ed n\u011bco origin\u00e1ln\u00edho, firma nab\u00edz\u00ed art designov\u00fd potisk sklen\u011bn\u00fdch v\u00fdpln\u00ed dve\u0159\u00ed v mnoha barevn\u00fdch variant\u00e1ch, a tak si lze prom\u011bnit vzhled sk\u0159\u00edn\u00ed podle sv\u00e9 fantazie.                                                                                                                                                                                                                                                                                                                                                                                          3.1\/5 - (11 votes)        "},{"@context":"https:\/\/schema.org\/","@type":"BreadcrumbList","itemListElement":[{"@type":"ListItem","position":1,"name":"Sk\u0159\u00edn\u011b, kter\u00e9 vhodn\u011b dopln\u00ed interi\u00e9r","item":"https:\/\/www.anena.cz\/skrine-ktere-vhodne-doplni-interier\/#breadcrumbitem"}]}]