{"@context":"https:\/\/schema.org\/","@type":"CollectionPage","@id":"https:\/\/www.anena.cz\/sluzby\/#CollectionPage","headline":"Slu\u017eby Category","description":"","url":"https:\/\/www.anena.cz\/sluzby\/","hasPart":[{"@type":"Article","@id":"https:\/\/www.anena.cz\/marketing-je-investici-ktera-se-vam-vrati\/","headline":"Marketing je investic\u00ed, kter\u00e1 se v\u00e1m vr\u00e1t\u00ed","url":"https:\/\/www.anena.cz\/marketing-je-investici-ktera-se-vam-vrati\/","datePublished":"2023-07-08","dateModified":"2023-10-16","mainEntityOfPage":"https:\/\/www.anena.cz\/marketing-je-investici-ktera-se-vam-vrati\/","author":{"@type":"Person","@id":"https:\/\/www.anena.cz\/author\/#Person","name":"anena.cz\n","url":"https:\/\/www.anena.cz\/author\/","identifier":1,"image":{"@type":"ImageObject","@id":"https:\/\/secure.gravatar.com\/avatar\/93869824c8aa580f0d16049ad31e69846ffc925e0cbb2826cc9554f53943da69?s=96&d=mm&r=g","url":"https:\/\/secure.gravatar.com\/avatar\/93869824c8aa580f0d16049ad31e69846ffc925e0cbb2826cc9554f53943da69?s=96&d=mm&r=g","height":96,"width":96}},"publisher":{"@type":"Organization","name":"anena.cz","logo":{"@type":"ImageObject","@id":"\/logo.png","url":"\/logo.png","width":600,"height":60}},"image":{"@type":"ImageObject","@id":"https:\/\/www.anena.cz\/wp-content\/uploads\/jason-goodman-bzqU01v-G54-unsplash.jpg","url":"https:\/\/www.anena.cz\/wp-content\/uploads\/jason-goodman-bzqU01v-G54-unsplash.jpg","height":0,"width":0},"keywords":null},{"@type":"Article","@id":"https:\/\/www.anena.cz\/masaze\/","headline":"Mas\u00e1\u017ee","url":"https:\/\/www.anena.cz\/masaze\/","datePublished":"2023-04-26","dateModified":"2023-04-26","mainEntityOfPage":"https:\/\/www.anena.cz\/masaze\/","author":{"@type":"Person","@id":"https:\/\/www.anena.cz\/author\/#Person","name":"anena.cz\n","url":"https:\/\/www.anena.cz\/author\/","identifier":1,"image":{"@type":"ImageObject","@id":"https:\/\/secure.gravatar.com\/avatar\/93869824c8aa580f0d16049ad31e69846ffc925e0cbb2826cc9554f53943da69?s=96&d=mm&r=g","url":"https:\/\/secure.gravatar.com\/avatar\/93869824c8aa580f0d16049ad31e69846ffc925e0cbb2826cc9554f53943da69?s=96&d=mm&r=g","height":96,"width":96}},"publisher":{"@type":"Organization","name":"anena.cz","logo":{"@type":"ImageObject","@id":"\/logo.png","url":"\/logo.png","width":600,"height":60}},"image":null,"keywords":null},{"@type":"Article","@id":"https:\/\/www.anena.cz\/hodinovy-manzel\/","headline":"Hodinov\u00fd man\u017eel","url":"https:\/\/www.anena.cz\/hodinovy-manzel\/","datePublished":"2023-04-26","dateModified":"2023-04-26","mainEntityOfPage":"https:\/\/www.anena.cz\/hodinovy-manzel\/","author":{"@type":"Person","@id":"https:\/\/www.anena.cz\/author\/#Person","name":"anena.cz\n","url":"https:\/\/www.anena.cz\/author\/","identifier":1,"image":{"@type":"ImageObject","@id":"https:\/\/secure.gravatar.com\/avatar\/93869824c8aa580f0d16049ad31e69846ffc925e0cbb2826cc9554f53943da69?s=96&d=mm&r=g","url":"https:\/\/secure.gravatar.com\/avatar\/93869824c8aa580f0d16049ad31e69846ffc925e0cbb2826cc9554f53943da69?s=96&d=mm&r=g","height":96,"width":96}},"publisher":{"@type":"Organization","name":"anena.cz","logo":{"@type":"ImageObject","@id":"\/logo.png","url":"\/logo.png","width":600,"height":60}},"image":null,"keywords":null},{"@type":"Article","@id":"https:\/\/www.anena.cz\/dorucovani-balicku-dronem\/","headline":"Doru\u010dov\u00e1n\u00ed bal\u00ed\u010dk\u016f dronem?","url":"https:\/\/www.anena.cz\/dorucovani-balicku-dronem\/","datePublished":"2023-04-26","dateModified":"2023-04-26","mainEntityOfPage":"https:\/\/www.anena.cz\/dorucovani-balicku-dronem\/","author":{"@type":"Person","@id":"https:\/\/www.anena.cz\/author\/#Person","name":"anena.cz\n","url":"https:\/\/www.anena.cz\/author\/","identifier":1,"image":{"@type":"ImageObject","@id":"https:\/\/secure.gravatar.com\/avatar\/93869824c8aa580f0d16049ad31e69846ffc925e0cbb2826cc9554f53943da69?s=96&d=mm&r=g","url":"https:\/\/secure.gravatar.com\/avatar\/93869824c8aa580f0d16049ad31e69846ffc925e0cbb2826cc9554f53943da69?s=96&d=mm&r=g","height":96,"width":96}},"publisher":{"@type":"Organization","name":"anena.cz","logo":{"@type":"ImageObject","@id":"\/logo.png","url":"\/logo.png","width":600,"height":60}},"image":null,"keywords":null},{"@type":"Article","@id":"https:\/\/www.anena.cz\/co-kdyz-auto-nemame\/","headline":"Co kdy\u017e auto nem\u00e1me?","url":"https:\/\/www.anena.cz\/co-kdyz-auto-nemame\/","datePublished":"2023-01-21","dateModified":"2023-04-26","mainEntityOfPage":"https:\/\/www.anena.cz\/co-kdyz-auto-nemame\/","author":{"@type":"Person","@id":"https:\/\/www.anena.cz\/author\/#Person","name":"anena.cz\n","url":"https:\/\/www.anena.cz\/author\/","identifier":1,"image":{"@type":"ImageObject","@id":"https:\/\/secure.gravatar.com\/avatar\/93869824c8aa580f0d16049ad31e69846ffc925e0cbb2826cc9554f53943da69?s=96&d=mm&r=g","url":"https:\/\/secure.gravatar.com\/avatar\/93869824c8aa580f0d16049ad31e69846ffc925e0cbb2826cc9554f53943da69?s=96&d=mm&r=g","height":96,"width":96}},"publisher":{"@type":"Organization","name":"anena.cz","logo":{"@type":"ImageObject","@id":"\/logo.png","url":"\/logo.png","width":600,"height":60}},"image":{"@type":"ImageObject","@id":"https:\/\/www.anena.cz\/wp-content\/uploads\/car-1140429_960_720.jpg","url":"https:\/\/www.anena.cz\/wp-content\/uploads\/car-1140429_960_720.jpg","height":0,"width":0},"keywords":null},{"@type":"Article","@id":"https:\/\/www.anena.cz\/bez-erotiky-bychom-zili-nesmirne-nudny-zivot\/","headline":"Bez erotiky bychom \u017eili nesm\u00edrn\u011b nudn\u00fd \u017eivot","url":"https:\/\/www.anena.cz\/bez-erotiky-bychom-zili-nesmirne-nudny-zivot\/","datePublished":"2022-07-08","dateModified":"2023-04-26","mainEntityOfPage":"https:\/\/www.anena.cz\/bez-erotiky-bychom-zili-nesmirne-nudny-zivot\/","author":{"@type":"Person","@id":"https:\/\/www.anena.cz\/author\/#Person","name":"anena.cz\n","url":"https:\/\/www.anena.cz\/author\/","identifier":1,"image":{"@type":"ImageObject","@id":"https:\/\/secure.gravatar.com\/avatar\/93869824c8aa580f0d16049ad31e69846ffc925e0cbb2826cc9554f53943da69?s=96&d=mm&r=g","url":"https:\/\/secure.gravatar.com\/avatar\/93869824c8aa580f0d16049ad31e69846ffc925e0cbb2826cc9554f53943da69?s=96&d=mm&r=g","height":96,"width":96}},"publisher":{"@type":"Organization","name":"anena.cz","logo":{"@type":"ImageObject","@id":"\/logo.png","url":"\/logo.png","width":600,"height":60}},"image":{"@type":"ImageObject","@id":"https:\/\/www.anena.cz\/wp-content\/uploads\/pexels-cottonbro-4153188.jpg","url":"https:\/\/www.anena.cz\/wp-content\/uploads\/pexels-cottonbro-4153188.jpg","height":0,"width":0},"keywords":null},{"@type":"Article","@id":"https:\/\/www.anena.cz\/k-cemu-slouzi-antigenni-testy-ze-slin\/","headline":"K \u010demu slou\u017e\u00ed antigenn\u00ed testy ze slin","url":"https:\/\/www.anena.cz\/k-cemu-slouzi-antigenni-testy-ze-slin\/","datePublished":"2021-03-11","dateModified":"2023-04-26","mainEntityOfPage":"https:\/\/www.anena.cz\/k-cemu-slouzi-antigenni-testy-ze-slin\/","author":{"@type":"Person","@id":"https:\/\/www.anena.cz\/author\/#Person","name":"anena.cz\n","url":"https:\/\/www.anena.cz\/author\/","identifier":1,"image":{"@type":"ImageObject","@id":"https:\/\/secure.gravatar.com\/avatar\/93869824c8aa580f0d16049ad31e69846ffc925e0cbb2826cc9554f53943da69?s=96&d=mm&r=g","url":"https:\/\/secure.gravatar.com\/avatar\/93869824c8aa580f0d16049ad31e69846ffc925e0cbb2826cc9554f53943da69?s=96&d=mm&r=g","height":96,"width":96}},"publisher":{"@type":"Organization","name":"anena.cz","logo":{"@type":"ImageObject","@id":"\/logo.png","url":"\/logo.png","width":600,"height":60}},"image":{"@type":"ImageObject","@id":"https:\/\/www.anena.cz\/wp-content\/uploads\/%C5%BEena%20v%20rou%C5%A1ce_wE7OrM.jpg","url":"https:\/\/www.anena.cz\/wp-content\/uploads\/%C5%BEena%20v%20rou%C5%A1ce_wE7OrM.jpg","height":0,"width":0},"keywords":null},{"@type":"Article","@id":"https:\/\/www.anena.cz\/na-dovolenou-s-drzakem-kol-na-tazne-zarizeni\/","headline":"Na dovolenou s dr\u017e\u00e1kem kol na ta\u017en\u00e9 za\u0159\u00edzen\u00ed","url":"https:\/\/www.anena.cz\/na-dovolenou-s-drzakem-kol-na-tazne-zarizeni\/","datePublished":"2020-03-16","dateModified":"2023-04-26","mainEntityOfPage":"https:\/\/www.anena.cz\/na-dovolenou-s-drzakem-kol-na-tazne-zarizeni\/","author":{"@type":"Person","@id":"https:\/\/www.anena.cz\/author\/#Person","name":"anena.cz\n","url":"https:\/\/www.anena.cz\/author\/","identifier":1,"image":{"@type":"ImageObject","@id":"https:\/\/secure.gravatar.com\/avatar\/93869824c8aa580f0d16049ad31e69846ffc925e0cbb2826cc9554f53943da69?s=96&d=mm&r=g","url":"https:\/\/secure.gravatar.com\/avatar\/93869824c8aa580f0d16049ad31e69846ffc925e0cbb2826cc9554f53943da69?s=96&d=mm&r=g","height":96,"width":96}},"publisher":{"@type":"Organization","name":"anena.cz","logo":{"@type":"ImageObject","@id":"\/logo.png","url":"\/logo.png","width":600,"height":60}},"image":{"@type":"ImageObject","@id":"https:\/\/www.anena.cz\/wp-content\/uploads\/d%C4%9Bti%20na%20kolech.jpg","url":"https:\/\/www.anena.cz\/wp-content\/uploads\/d%C4%9Bti%20na%20kolech.jpg","height":0,"width":0},"keywords":null},{"@type":"Article","@id":"https:\/\/www.anena.cz\/garaz-muze-byt-soucasti-domu\/","headline":"Gar\u00e1\u017e m\u016f\u017ee b\u00fdt sou\u010d\u00e1st\u00ed domu","url":"https:\/\/www.anena.cz\/garaz-muze-byt-soucasti-domu\/","datePublished":"2020-03-16","dateModified":"2023-04-26","mainEntityOfPage":"https:\/\/www.anena.cz\/garaz-muze-byt-soucasti-domu\/","author":{"@type":"Person","@id":"https:\/\/www.anena.cz\/author\/#Person","name":"anena.cz\n","url":"https:\/\/www.anena.cz\/author\/","identifier":1,"image":{"@type":"ImageObject","@id":"https:\/\/secure.gravatar.com\/avatar\/93869824c8aa580f0d16049ad31e69846ffc925e0cbb2826cc9554f53943da69?s=96&d=mm&r=g","url":"https:\/\/secure.gravatar.com\/avatar\/93869824c8aa580f0d16049ad31e69846ffc925e0cbb2826cc9554f53943da69?s=96&d=mm&r=g","height":96,"width":96}},"publisher":{"@type":"Organization","name":"anena.cz","logo":{"@type":"ImageObject","@id":"\/logo.png","url":"\/logo.png","width":600,"height":60}},"image":{"@type":"ImageObject","@id":"https:\/\/www.anena.cz\/wp-content\/uploads\/gar%C3%A1%C5%BE%20u%20domu.jpg","url":"https:\/\/www.anena.cz\/wp-content\/uploads\/gar%C3%A1%C5%BE%20u%20domu.jpg","height":0,"width":0},"keywords":null},{"@type":"Article","@id":"https:\/\/www.anena.cz\/skrine-ktere-vhodne-doplni-interier\/","headline":"Sk\u0159\u00edn\u011b, kter\u00e9 vhodn\u011b dopln\u00ed interi\u00e9r","url":"https:\/\/www.anena.cz\/skrine-ktere-vhodne-doplni-interier\/","datePublished":"2020-03-15","dateModified":"2023-04-26","mainEntityOfPage":"https:\/\/www.anena.cz\/skrine-ktere-vhodne-doplni-interier\/","author":{"@type":"Person","@id":"https:\/\/www.anena.cz\/author\/#Person","name":"anena.cz\n","url":"https:\/\/www.anena.cz\/author\/","identifier":1,"image":{"@type":"ImageObject","@id":"https:\/\/secure.gravatar.com\/avatar\/93869824c8aa580f0d16049ad31e69846ffc925e0cbb2826cc9554f53943da69?s=96&d=mm&r=g","url":"https:\/\/secure.gravatar.com\/avatar\/93869824c8aa580f0d16049ad31e69846ffc925e0cbb2826cc9554f53943da69?s=96&d=mm&r=g","height":96,"width":96}},"publisher":{"@type":"Organization","name":"anena.cz","logo":{"@type":"ImageObject","@id":"\/logo.png","url":"\/logo.png","width":600,"height":60}},"image":{"@type":"ImageObject","@id":"https:\/\/www.anena.cz\/wp-content\/uploads\/vestav%C4%9Bn%C3%A1%20knihovna.jpg","url":"https:\/\/www.anena.cz\/wp-content\/uploads\/vestav%C4%9Bn%C3%A1%20knihovna.jpg","height":0,"width":0},"keywords":null}]}