[{"@context":"https:\/\/schema.org\/","@type":"Article","@id":"https:\/\/www.anena.cz\/tesite-se-do-prace\/#Article","mainEntityOfPage":"https:\/\/www.anena.cz\/tesite-se-do-prace\/","headline":"T\u011b\u0161\u00edte se do pr\u00e1ce?","name":"T\u011b\u0161\u00edte se do pr\u00e1ce?","description":"Ka\u017ed\u00fd, kdo \u0161el poprv\u00e9 do \u0161koly, si na tento pocit moc dob\u0159e pamatuje. Nezn\u00e1m\u00e9 prost\u0159ed\u00ed, kolektiv. To sam\u00e9 v\u00e1s v\u0161ak &hellip; <a class=\"more-link\" href=\"https:\/\/www.anena.cz\/tesite-se-do-prace\/\">More<\/a>","datePublished":"2023-07-13","dateModified":"2023-07-13","author":{"@type":"Person","@id":"https:\/\/www.anena.cz\/author\/#Person","name":"anena.cz\n","url":"https:\/\/www.anena.cz\/author\/","identifier":1,"image":{"@type":"ImageObject","@id":"https:\/\/secure.gravatar.com\/avatar\/93869824c8aa580f0d16049ad31e69846ffc925e0cbb2826cc9554f53943da69?s=96&d=mm&r=g","url":"https:\/\/secure.gravatar.com\/avatar\/93869824c8aa580f0d16049ad31e69846ffc925e0cbb2826cc9554f53943da69?s=96&d=mm&r=g","height":96,"width":96}},"publisher":{"@type":"Organization","name":"anena.cz","logo":{"@type":"ImageObject","@id":"\/logo.png","url":"\/logo.png","width":600,"height":60}},"url":"https:\/\/www.anena.cz\/tesite-se-do-prace\/","wordCount":244,"articleBody":"Ka\u017ed\u00fd, kdo \u0161el poprv\u00e9 do \u0161koly, si na tento pocit moc dob\u0159e pamatuje. Nezn\u00e1m\u00e9 prost\u0159ed\u00ed, kolektiv. To sam\u00e9 v\u00e1s v\u0161ak za \u017eivot m\u016f\u017ee potkat je\u0161t\u011b mnohokr\u00e1t. Nap\u0159\u00edklad v zam\u011bstn\u00e1n\u00ed. V pracovn\u00edm prost\u0159ed\u00ed se ka\u017ed\u00fd kolega nebo nad\u0159\u00edzen\u00fd chov\u00e1 jinak, ne\u017e doma, \u010di n\u011bkde venku. Abyste m\u011bli mo\u017enost t\u00edmto zp\u016fsobem poznat svoje kolegy, m\u016f\u017eete zaj\u00edt na skleni\u010dku, \u010di popov\u00eddat si n\u011bkde venku o p\u0159est\u00e1vce. Ale ne v\u017edy je na to \u010das nebo chu\u0165. Aby se nikdo nemohl vymlouvat, od toho je, jako stvo\u0159en\u00fd, teambuilding. Skv\u011bl\u00e1 akce, kterou pro v\u00e1s p\u0159iprav\u00ed zam\u011bstnavatel a dop\u0159eje v\u00e1m chv\u00edle s kolegy mimo pr\u00e1ci.Vylep\u0161\u00ed se kolektivn\u00ed vztahyPozn\u00e1v\u00e1n\u00ed kolektivu, jak\u00e9 v\u00e1m p\u0159iprav\u00ed pr\u00e1v\u011b teambuilding, b\u00fdv\u00e1 v mnoha firm\u00e1ch ji\u017e samoz\u0159ejmost\u00ed. V pr\u016fb\u011bhu roka po\u0159\u00e1d p\u0159ich\u00e1zej\u00ed nov\u00ed lid\u00e9 a nen\u00ed \u010das se l\u00e9pe poznat a neb\u00fdv\u00e1 lehk\u00e9 do kolektivu zapadnout. A formou ubytov\u00e1n\u00ed v kr\u00e1sn\u00e9m prost\u0159ed\u00ed, mno\u017estv\u00edm z\u00e1\u017eitk\u016f, v\u00fdlet\u016f, \u010di skv\u011bl\u00fdm a z\u00e1bavn\u00fdm programem, dok\u00e1\u017eete d\u00e1t kolektiv dohromady, jako by se poznali l\u00e9ta. Agentura MotivP v\u00e1m nab\u00edz\u00ed svoje zku\u0161enosti a za\u0159\u00edd\u00ed v\u0161e za v\u00e1s.                                                                                                                                                                                                                                                                                                                                                                                        3.9\/5 - (9 votes)        "},{"@context":"https:\/\/schema.org\/","@type":"BreadcrumbList","itemListElement":[{"@type":"ListItem","position":1,"name":"T\u011b\u0161\u00edte se do pr\u00e1ce?","item":"https:\/\/www.anena.cz\/tesite-se-do-prace\/#breadcrumbitem"}]}]