{"@context":"https:\/\/schema.org\/","@type":"CollectionPage","@id":"https:\/\/www.anena.cz\/zivotni-styl\/#CollectionPage","headline":"\u017divotn\u00ed styl Category","description":"","url":"https:\/\/www.anena.cz\/zivotni-styl\/","hasPart":[{"@type":"Article","@id":"https:\/\/www.anena.cz\/na-cem-si-muzete-vypestovat-zavislost\/","headline":"NA \u010cEM SI M\u016e\u017dETE VYP\u011aSTOVAT Z\u00c1VISLOST?","url":"https:\/\/www.anena.cz\/na-cem-si-muzete-vypestovat-zavislost\/","datePublished":"2025-03-02","dateModified":"2023-04-26","mainEntityOfPage":"https:\/\/www.anena.cz\/na-cem-si-muzete-vypestovat-zavislost\/","author":{"@type":"Person","@id":"https:\/\/www.anena.cz\/author\/#Person","name":"anena.cz\n","url":"https:\/\/www.anena.cz\/author\/","identifier":1,"image":{"@type":"ImageObject","@id":"https:\/\/secure.gravatar.com\/avatar\/93869824c8aa580f0d16049ad31e69846ffc925e0cbb2826cc9554f53943da69?s=96&d=mm&r=g","url":"https:\/\/secure.gravatar.com\/avatar\/93869824c8aa580f0d16049ad31e69846ffc925e0cbb2826cc9554f53943da69?s=96&d=mm&r=g","height":96,"width":96}},"publisher":{"@type":"Organization","name":"anena.cz","logo":{"@type":"ImageObject","@id":"\/logo.png","url":"\/logo.png","width":600,"height":60}},"image":{"@type":"ImageObject","@id":"https:\/\/www.anena.cz\/wp-content\/uploads\/img_a294871_w1962_t1506610083.jpg","url":"https:\/\/www.anena.cz\/wp-content\/uploads\/img_a294871_w1962_t1506610083.jpg","height":0,"width":0},"keywords":null},{"@type":"Article","@id":"https:\/\/www.anena.cz\/jak-zmenit-svuj-zivotni-styl\/","headline":"Jak zm\u011bnit sv\u016fj \u017eivotn\u00ed styl","url":"https:\/\/www.anena.cz\/jak-zmenit-svuj-zivotni-styl\/","datePublished":"2025-03-02","dateModified":"2023-04-26","mainEntityOfPage":"https:\/\/www.anena.cz\/jak-zmenit-svuj-zivotni-styl\/","author":{"@type":"Person","@id":"https:\/\/www.anena.cz\/author\/#Person","name":"anena.cz\n","url":"https:\/\/www.anena.cz\/author\/","identifier":1,"image":{"@type":"ImageObject","@id":"https:\/\/secure.gravatar.com\/avatar\/93869824c8aa580f0d16049ad31e69846ffc925e0cbb2826cc9554f53943da69?s=96&d=mm&r=g","url":"https:\/\/secure.gravatar.com\/avatar\/93869824c8aa580f0d16049ad31e69846ffc925e0cbb2826cc9554f53943da69?s=96&d=mm&r=g","height":96,"width":96}},"publisher":{"@type":"Organization","name":"anena.cz","logo":{"@type":"ImageObject","@id":"\/logo.png","url":"\/logo.png","width":600,"height":60}},"image":{"@type":"ImageObject","@id":"https:\/\/www.anena.cz\/wp-content\/uploads\/img_a312219_w1962_t1523261417.jpg","url":"https:\/\/www.anena.cz\/wp-content\/uploads\/img_a312219_w1962_t1523261417.jpg","height":0,"width":0},"keywords":null},{"@type":"Article","@id":"https:\/\/www.anena.cz\/marodime-s-aterosklerozou\/","headline":"Marod\u00edme s ateroskler\u00f3zou","url":"https:\/\/www.anena.cz\/marodime-s-aterosklerozou\/","datePublished":"2023-04-26","dateModified":"2023-04-26","mainEntityOfPage":"https:\/\/www.anena.cz\/marodime-s-aterosklerozou\/","author":{"@type":"Person","@id":"https:\/\/www.anena.cz\/author\/#Person","name":"anena.cz\n","url":"https:\/\/www.anena.cz\/author\/","identifier":1,"image":{"@type":"ImageObject","@id":"https:\/\/secure.gravatar.com\/avatar\/93869824c8aa580f0d16049ad31e69846ffc925e0cbb2826cc9554f53943da69?s=96&d=mm&r=g","url":"https:\/\/secure.gravatar.com\/avatar\/93869824c8aa580f0d16049ad31e69846ffc925e0cbb2826cc9554f53943da69?s=96&d=mm&r=g","height":96,"width":96}},"publisher":{"@type":"Organization","name":"anena.cz","logo":{"@type":"ImageObject","@id":"\/logo.png","url":"\/logo.png","width":600,"height":60}},"image":null,"keywords":null},{"@type":"Article","@id":"https:\/\/www.anena.cz\/je-skutecne-voda-tak-zdrava\/","headline":"Je skute\u010dn\u011b voda tak zdrav\u00e1?","url":"https:\/\/www.anena.cz\/je-skutecne-voda-tak-zdrava\/","datePublished":"2023-04-26","dateModified":"2023-04-26","mainEntityOfPage":"https:\/\/www.anena.cz\/je-skutecne-voda-tak-zdrava\/","author":{"@type":"Person","@id":"https:\/\/www.anena.cz\/author\/#Person","name":"anena.cz\n","url":"https:\/\/www.anena.cz\/author\/","identifier":1,"image":{"@type":"ImageObject","@id":"https:\/\/secure.gravatar.com\/avatar\/93869824c8aa580f0d16049ad31e69846ffc925e0cbb2826cc9554f53943da69?s=96&d=mm&r=g","url":"https:\/\/secure.gravatar.com\/avatar\/93869824c8aa580f0d16049ad31e69846ffc925e0cbb2826cc9554f53943da69?s=96&d=mm&r=g","height":96,"width":96}},"publisher":{"@type":"Organization","name":"anena.cz","logo":{"@type":"ImageObject","@id":"\/logo.png","url":"\/logo.png","width":600,"height":60}},"image":null,"keywords":null},{"@type":"Article","@id":"https:\/\/www.anena.cz\/halo-halo-je-tu-jaro-privitejte-ho-nastartovanym-metabolismem\/","headline":"Hal\u00f3, hal\u00f3 je tu jaro. P\u0159iv\u00edtejte ho nastartovan\u00fdm metabolismem","url":"https:\/\/www.anena.cz\/halo-halo-je-tu-jaro-privitejte-ho-nastartovanym-metabolismem\/","datePublished":"2023-04-26","dateModified":"2023-04-26","mainEntityOfPage":"https:\/\/www.anena.cz\/halo-halo-je-tu-jaro-privitejte-ho-nastartovanym-metabolismem\/","author":{"@type":"Person","@id":"https:\/\/www.anena.cz\/author\/#Person","name":"anena.cz\n","url":"https:\/\/www.anena.cz\/author\/","identifier":1,"image":{"@type":"ImageObject","@id":"https:\/\/secure.gravatar.com\/avatar\/93869824c8aa580f0d16049ad31e69846ffc925e0cbb2826cc9554f53943da69?s=96&d=mm&r=g","url":"https:\/\/secure.gravatar.com\/avatar\/93869824c8aa580f0d16049ad31e69846ffc925e0cbb2826cc9554f53943da69?s=96&d=mm&r=g","height":96,"width":96}},"publisher":{"@type":"Organization","name":"anena.cz","logo":{"@type":"ImageObject","@id":"\/logo.png","url":"\/logo.png","width":600,"height":60}},"image":null,"keywords":null},{"@type":"Article","@id":"https:\/\/www.anena.cz\/co-je-stesti-jak-jej-ziskat\/","headline":"Co je \u0161t\u011bst\u00ed? Jak jej z\u00edskat?","url":"https:\/\/www.anena.cz\/co-je-stesti-jak-jej-ziskat\/","datePublished":"2023-04-26","dateModified":"2023-04-26","mainEntityOfPage":"https:\/\/www.anena.cz\/co-je-stesti-jak-jej-ziskat\/","author":{"@type":"Person","@id":"https:\/\/www.anena.cz\/author\/#Person","name":"anena.cz\n","url":"https:\/\/www.anena.cz\/author\/","identifier":1,"image":{"@type":"ImageObject","@id":"https:\/\/secure.gravatar.com\/avatar\/93869824c8aa580f0d16049ad31e69846ffc925e0cbb2826cc9554f53943da69?s=96&d=mm&r=g","url":"https:\/\/secure.gravatar.com\/avatar\/93869824c8aa580f0d16049ad31e69846ffc925e0cbb2826cc9554f53943da69?s=96&d=mm&r=g","height":96,"width":96}},"publisher":{"@type":"Organization","name":"anena.cz","logo":{"@type":"ImageObject","@id":"\/logo.png","url":"\/logo.png","width":600,"height":60}},"image":null,"keywords":null},{"@type":"Article","@id":"https:\/\/www.anena.cz\/dost-bylo-sezeni-doma-je-cas-vyrazit-ven\/","headline":"Dost bylo sezen\u00ed doma, je \u010das vyrazit ven","url":"https:\/\/www.anena.cz\/dost-bylo-sezeni-doma-je-cas-vyrazit-ven\/","datePublished":"2019-06-22","dateModified":"2023-04-26","mainEntityOfPage":"https:\/\/www.anena.cz\/dost-bylo-sezeni-doma-je-cas-vyrazit-ven\/","author":{"@type":"Person","@id":"https:\/\/www.anena.cz\/author\/#Person","name":"anena.cz\n","url":"https:\/\/www.anena.cz\/author\/","identifier":1,"image":{"@type":"ImageObject","@id":"https:\/\/secure.gravatar.com\/avatar\/93869824c8aa580f0d16049ad31e69846ffc925e0cbb2826cc9554f53943da69?s=96&d=mm&r=g","url":"https:\/\/secure.gravatar.com\/avatar\/93869824c8aa580f0d16049ad31e69846ffc925e0cbb2826cc9554f53943da69?s=96&d=mm&r=g","height":96,"width":96}},"publisher":{"@type":"Organization","name":"anena.cz","logo":{"@type":"ImageObject","@id":"\/logo.png","url":"\/logo.png","width":600,"height":60}},"image":{"@type":"ImageObject","@id":"https:\/\/www.anena.cz\/wp-content\/uploads\/img_a346202_w1962_t1560085237.jpg","url":"https:\/\/www.anena.cz\/wp-content\/uploads\/img_a346202_w1962_t1560085237.jpg","height":0,"width":0},"keywords":null},{"@type":"Article","@id":"https:\/\/www.anena.cz\/podle-muzu-jsou-nejatraktivnejsi-inteligentni-zeny\/","headline":"Podle mu\u017e\u016f jsou nejatraktivn\u011bj\u0161\u00ed inteligentn\u00ed \u017eeny","url":"https:\/\/www.anena.cz\/podle-muzu-jsou-nejatraktivnejsi-inteligentni-zeny\/","datePublished":"2019-02-22","dateModified":"2023-04-26","mainEntityOfPage":"https:\/\/www.anena.cz\/podle-muzu-jsou-nejatraktivnejsi-inteligentni-zeny\/","author":{"@type":"Person","@id":"https:\/\/www.anena.cz\/author\/#Person","name":"anena.cz\n","url":"https:\/\/www.anena.cz\/author\/","identifier":1,"image":{"@type":"ImageObject","@id":"https:\/\/secure.gravatar.com\/avatar\/93869824c8aa580f0d16049ad31e69846ffc925e0cbb2826cc9554f53943da69?s=96&d=mm&r=g","url":"https:\/\/secure.gravatar.com\/avatar\/93869824c8aa580f0d16049ad31e69846ffc925e0cbb2826cc9554f53943da69?s=96&d=mm&r=g","height":96,"width":96}},"publisher":{"@type":"Organization","name":"anena.cz","logo":{"@type":"ImageObject","@id":"\/logo.png","url":"\/logo.png","width":600,"height":60}},"image":{"@type":"ImageObject","@id":"https:\/\/www.anena.cz\/wp-content\/uploads\/img_a337858_w1962_t1550763978.jpg","url":"https:\/\/www.anena.cz\/wp-content\/uploads\/img_a337858_w1962_t1550763978.jpg","height":0,"width":0},"keywords":null},{"@type":"Article","@id":"https:\/\/www.anena.cz\/nuda-a-tvorivost-jsou-dva-protichudne-pojmy\/","headline":"Nuda a tvo\u0159ivost jsou dva protich\u016fdn\u00e9 pojmy","url":"https:\/\/www.anena.cz\/nuda-a-tvorivost-jsou-dva-protichudne-pojmy\/","datePublished":"2018-12-03","dateModified":"2023-04-26","mainEntityOfPage":"https:\/\/www.anena.cz\/nuda-a-tvorivost-jsou-dva-protichudne-pojmy\/","author":{"@type":"Person","@id":"https:\/\/www.anena.cz\/author\/#Person","name":"anena.cz\n","url":"https:\/\/www.anena.cz\/author\/","identifier":1,"image":{"@type":"ImageObject","@id":"https:\/\/secure.gravatar.com\/avatar\/93869824c8aa580f0d16049ad31e69846ffc925e0cbb2826cc9554f53943da69?s=96&d=mm&r=g","url":"https:\/\/secure.gravatar.com\/avatar\/93869824c8aa580f0d16049ad31e69846ffc925e0cbb2826cc9554f53943da69?s=96&d=mm&r=g","height":96,"width":96}},"publisher":{"@type":"Organization","name":"anena.cz","logo":{"@type":"ImageObject","@id":"\/logo.png","url":"\/logo.png","width":600,"height":60}},"image":{"@type":"ImageObject","@id":"https:\/\/www.anena.cz\/wp-content\/uploads\/img_a332656_w1962_t1545573136.jpg","url":"https:\/\/www.anena.cz\/wp-content\/uploads\/img_a332656_w1962_t1545573136.jpg","height":0,"width":0},"keywords":null},{"@type":"Article","@id":"https:\/\/www.anena.cz\/sila-myslenky\/","headline":"S\u00edla my\u0161lenky","url":"https:\/\/www.anena.cz\/sila-myslenky\/","datePublished":"2018-09-27","dateModified":"2023-04-26","mainEntityOfPage":"https:\/\/www.anena.cz\/sila-myslenky\/","author":{"@type":"Person","@id":"https:\/\/www.anena.cz\/author\/#Person","name":"anena.cz\n","url":"https:\/\/www.anena.cz\/author\/","identifier":1,"image":{"@type":"ImageObject","@id":"https:\/\/secure.gravatar.com\/avatar\/93869824c8aa580f0d16049ad31e69846ffc925e0cbb2826cc9554f53943da69?s=96&d=mm&r=g","url":"https:\/\/secure.gravatar.com\/avatar\/93869824c8aa580f0d16049ad31e69846ffc925e0cbb2826cc9554f53943da69?s=96&d=mm&r=g","height":96,"width":96}},"publisher":{"@type":"Organization","name":"anena.cz","logo":{"@type":"ImageObject","@id":"\/logo.png","url":"\/logo.png","width":600,"height":60}},"image":{"@type":"ImageObject","@id":"https:\/\/www.anena.cz\/wp-content\/uploads\/img_a325137_w1962_t1537024380.jpg","url":"https:\/\/www.anena.cz\/wp-content\/uploads\/img_a325137_w1962_t1537024380.jpg","height":0,"width":0},"keywords":null}]}